{"id":5563,"date":"2026-03-18T14:05:08","date_gmt":"2026-03-18T14:05:08","guid":{"rendered":"https:\/\/www.vialusitana.org\/1-encontro-caminhos-de-santiago-em-portugal-em-braga\/"},"modified":"2026-03-18T15:36:36","modified_gmt":"2026-03-18T15:36:36","slug":"1st-meeting-caminos-de-santiago-in-portugal-in-braga","status":"publish","type":"post","link":"https:\/\/www.vialusitana.org\/en\/1st-meeting-caminos-de-santiago-in-portugal-in-braga\/","title":{"rendered":"1st Meeting \u201cCaminos de Santiago in Portugal\u201d in Braga"},"content":{"rendered":"<p data-start=\"57\" data-end=\"446\">On <strong>April 17 and 18, the Mosteiro de Tib\u00e3es, in Braga, will host the 1st Meeting \u201cCaminhos de Santiago em Portugal\u201d<\/strong>, intended for municipalities, pilgrim associations, professionals from the cultural and tourism sectors, researchers, members of the Advisory Council of the Caminhos de Santiago em Portugal, and other interested members of the public.<\/p>\n<p data-start=\"448\" data-end=\"784\">The meeting is organized by the Certification Commission of the Caminho de Santiago and by the managing entities of certified routes, with the aim of reviewing the work carried out over the last seven years, <strong>sharing good practices, and reflecting on future challenges in the management, qualification, and promotion of certified routes.<\/strong><\/p>\n<p data-start=\"786\" data-end=\"1123\">The initiative marks the publication of Law No. 51\/2019, of April 17, which establishes the framework for safeguarding, enhancing, and promoting the Caminho Portugu\u00eas de Santiago through the certification of its itineraries. The first itinerary was officially certified in 2021, and since then, five national routes have been recognized.<\/p>\n<p data-start=\"1125\" data-end=\"1372\">Participation is free but subject to prior registration, limited until April 10, through the <a class=\"decorated-link\" href=\"https:\/\/forms.office.com\/Pages\/ResponsePage.aspx?id=zXHHc3UcmUeqQByf888-XlkHGpi_HfpIjVW6Kha4m-BUOURHTkJCWjRDMldaREdVR0hBNU8wUlc5Qy4u\" target=\"_new\" rel=\"noopener\" data-start=\"1218\" data-end=\"1371\">registration form<\/a>.<\/p>\n<p data-start=\"1530\" data-end=\"1556\"><span style=\"text-decoration: underline;\"><strong>PROGRAM<\/strong><\/span> (updates ongoing)<\/p>\n<p data-start=\"1558\" data-end=\"1573\"><span style=\"text-decoration: underline;\"><strong data-start=\"1558\" data-end=\"1573\">April 17<\/strong><\/span><\/p>\n<p data-start=\"1402\" data-end=\"1686\"><strong data-start=\"1402\" data-end=\"1433\">9:30 a.m. &#8211; Opening Session<\/strong><br data-start=\"1433\" data-end=\"1436\" \/>Altino Bessa, Vice-President of Braga City Council<br data-start=\"1486\" data-end=\"1489\" \/>Lu\u00eds Pedro Martins, President of Entidade Regional de Turismo Porto e Norte<br data-start=\"1564\" data-end=\"1567\" \/>Catarina Sousa, Vice-President of Patrim\u00f3nio Cultural, I.P.<br data-start=\"1626\" data-end=\"1629\" \/>L\u00eddia Monteiro, Board Member of Turismo de Portugal, I.P.<\/p>\n<p data-start=\"1688\" data-end=\"1796\"><strong data-start=\"1688\" data-end=\"1769\">10:00 a.m. &#8211; Certification of the Caminos de Santiago in Portugal (2019-2026)<\/strong><br data-start=\"1769\" data-end=\"1772\" \/>Certification Commission<\/p>\n<p data-start=\"1798\" data-end=\"2152\"><strong data-start=\"1798\" data-end=\"1899\">10:30 a.m. &#8211; Round table | Certifying to enhance value: governance challenges of certified routes<\/strong><br data-start=\"1899\" data-end=\"1902\" \/>Nuno Ferreira, Entidade Regional de Turismo Porto e Norte<br data-start=\"1959\" data-end=\"1962\" \/>Pedro Pontes, Entidade Regional de Turismo Centro de Portugal<br data-start=\"2023\" data-end=\"2026\" \/>Pedro Beato, Entidade Regional de Turismo Alentejo e Ribatejo<br data-start=\"2087\" data-end=\"2090\" \/>Ana Rita Dias, Portuguese Federation of the Camino de Santiago<\/p>\n<p data-start=\"2154\" data-end=\"2272\"><strong data-start=\"2154\" data-end=\"2248\">12:00 p.m. &#8211; The network of Caminos de Santiago in Portugal: what is essential to preserve<\/strong><br data-start=\"2248\" data-end=\"2251\" \/>Joel Cleto, Historian<\/p>\n<p data-start=\"2274\" data-end=\"2296\"><strong data-start=\"2274\" data-end=\"2296\">12:30 p.m. &#8211; Lunch<\/strong><\/p>\n<p data-start=\"2298\" data-end=\"2580\"><strong data-start=\"2298\" data-end=\"2380\">2:30 p.m. &#8211; Round table | Thinking about the future of the Caminos de Santiago<\/strong><br data-start=\"2380\" data-end=\"2383\" \/>Jorge Mart\u00ednez-Cava, Federaci\u00f3n Europea \u201cCamino Europa Compostela\u201d<br data-start=\"2449\" data-end=\"2452\" \/><span style=\"text-decoration: underline;\">Jos\u00e9 Lu\u00eds Sanches, Associa\u00e7\u00e3o de Peregrinos Via Lusitana<\/span><br data-start=\"2508\" data-end=\"2511\" \/>Jorge Martins, researcher at the University of Santiago de Compostela<\/p>\n<p data-start=\"2582\" data-end=\"2816\"><strong data-start=\"2582\" data-end=\"2630\">3:30 p.m. &#8211; Testimonies that make the Camino<\/strong><br data-start=\"2630\" data-end=\"2633\" \/>Jos\u00e9 Almeida, Albergue de Santiago de Caldelas<br data-start=\"2679\" data-end=\"2682\" \/>Lu\u00eds Coelho, tourism company A2Z<br data-start=\"2714\" data-end=\"2717\" \/>Eva Neves, Museu Diocesano de Santar\u00e9m (to be confirmed)<br data-start=\"2773\" data-end=\"2776\" \/>Jos\u00e9 Chaves, Grupo de peregrinos de Viso<\/p>\n<p data-start=\"2818\" data-end=\"2876\"><strong data-start=\"2818\" data-end=\"2849\">4:30 p.m. &#8211; Closing Session<\/strong><br data-start=\"2849\" data-end=\"2852\" \/>Certification Commission<\/p>\n<p data-start=\"2878\" data-end=\"2944\"><strong data-start=\"2878\" data-end=\"2944\">5:00 p.m. &#8211; Guided visit to Mosteiro de S\u00e3o Martinho de Tib\u00e3es<\/strong><\/p>\n<p data-start=\"2946\" data-end=\"3030\"><strong data-start=\"2946\" data-end=\"2958\">====<\/strong><\/p>\n<p data-start=\"2946\" data-end=\"3030\"><span style=\"text-decoration: underline;\"><strong data-start=\"2946\" data-end=\"2958\">April 18<\/strong><\/span><br data-start=\"2958\" data-end=\"2961\" \/>Program integrated into the International Day for Monuments and Sites<\/p>\n<p data-start=\"3032\" data-end=\"3146\"><strong data-start=\"3032\" data-end=\"3101\">Discovering the Caminho Portugu\u00eas de Santiago &#8211; Caminho de Torres<\/strong><br data-start=\"3101\" data-end=\"3104\" \/>8 km route (subject to prior registration)<\/p>\n<p data-start=\"3148\" data-end=\"3268\"><strong data-start=\"3148\" data-end=\"3188\">9:30 a.m. &#8211; Welcome for participants<\/strong><br data-start=\"3188\" data-end=\"3191\" \/>Albergue de Peregrinos of S\u00e3o Pedro de Go\u00e3es (parking next to Ponte de Prado)<\/p>\n<p data-start=\"3270\" data-end=\"3348\" data-is-last-node=\"\" data-is-only-node=\"\"><strong data-start=\"3270\" data-end=\"3323\">1:00 p.m. &#8211; End of the route with community lunch<\/strong><br data-start=\"3323\" data-end=\"3326\" \/>Albergue of Vila Verde<\/p>\n","protected":false},"excerpt":{"rendered":"<p>On April 17 and 18, the Mosteiro de Tib\u00e3es, in Braga, will host the 1st Meeting \u201cCaminhos de Santiago em Portugal\u201d, intended for municipalities, pilgrim associations, professionals from the cultural and tourism sectors, researchers, members of the Advisory Council of the Caminhos de Santiago em Portugal, and other interested members of the public. The meeting [&hellip;]<\/p>\n","protected":false},"author":3,"featured_media":5552,"comment_status":"closed","ping_status":"closed","sticky":false,"template":"","format":"standard","meta":{"_acf_changed":false,"footnotes":""},"categories":[4],"tags":[],"class_list":["post-5563","post","type-post","status-publish","format-standard","has-post-thumbnail","hentry","category-uncategorized"],"acf":{"image_1":"","image_2":"","image_3":"","image_4":"","image_5":""},"yoast_head":"<!-- This site is optimized with the Yoast SEO plugin v27.4 - https:\/\/yoast.com\/product\/yoast-seo-wordpress\/ -->\n<title>1st Meeting \u201cCaminos de Santiago in Portugal\u201d in Braga - Via Lusitana<\/title>\n<meta name=\"robots\" content=\"index, follow, max-snippet:-1, max-image-preview:large, max-video-preview:-1\" \/>\n<link rel=\"canonical\" href=\"https:\/\/www.vialusitana.org\/en\/1st-meeting-caminos-de-santiago-in-portugal-in-braga\/\" \/>\n<meta property=\"og:locale\" content=\"en_US\" \/>\n<meta property=\"og:type\" content=\"article\" \/>\n<meta property=\"og:title\" content=\"1st Meeting \u201cCaminos de Santiago in Portugal\u201d in Braga - Via Lusitana\" \/>\n<meta property=\"og:description\" content=\"On April 17 and 18, the Mosteiro de Tib\u00e3es, in Braga, will host the 1st Meeting \u201cCaminhos de Santiago em Portugal\u201d, intended for municipalities, pilgrim associations, professionals from the cultural and tourism sectors, researchers, members of the Advisory Council of the Caminhos de Santiago em Portugal, and other interested members of the public. The meeting [&hellip;]\" \/>\n<meta property=\"og:url\" content=\"https:\/\/www.vialusitana.org\/en\/1st-meeting-caminos-de-santiago-in-portugal-in-braga\/\" \/>\n<meta property=\"og:site_name\" content=\"Via Lusitana\" \/>\n<meta property=\"article:publisher\" content=\"https:\/\/www.facebook.com\/ViaLusitana\" \/>\n<meta property=\"article:published_time\" content=\"2026-03-18T14:05:08+00:00\" \/>\n<meta property=\"article:modified_time\" content=\"2026-03-18T15:36:36+00:00\" \/>\n<meta property=\"og:image\" content=\"https:\/\/www.vialusitana.org\/wp-content\/uploads\/2026\/03\/643319690_1392334382906319_3199991218958832264_n.jpg\" \/>\n\t<meta property=\"og:image:width\" content=\"2048\" \/>\n\t<meta property=\"og:image:height\" content=\"1366\" \/>\n\t<meta property=\"og:image:type\" content=\"image\/jpeg\" \/>\n<meta name=\"author\" content=\"info@vialusitana.org\" \/>\n<meta name=\"twitter:card\" content=\"summary_large_image\" \/>\n<meta name=\"twitter:label1\" content=\"Written by\" \/>\n\t<meta name=\"twitter:data1\" content=\"info@vialusitana.org\" \/>\n\t<meta name=\"twitter:label2\" content=\"Est. reading time\" \/>\n\t<meta name=\"twitter:data2\" content=\"3 minutes\" \/>\n<script type=\"application\/ld+json\" class=\"yoast-schema-graph\">{\"@context\":\"https:\\\/\\\/schema.org\",\"@graph\":[{\"@type\":\"Article\",\"@id\":\"https:\\\/\\\/www.vialusitana.org\\\/en\\\/1st-meeting-caminos-de-santiago-in-portugal-in-braga\\\/#article\",\"isPartOf\":{\"@id\":\"https:\\\/\\\/www.vialusitana.org\\\/en\\\/1st-meeting-caminos-de-santiago-in-portugal-in-braga\\\/\"},\"author\":{\"name\":\"info@vialusitana.org\",\"@id\":\"https:\\\/\\\/www.vialusitana.org\\\/en\\\/#\\\/schema\\\/person\\\/974b0f5fc0d1f06d5bbaab9a6c2d4b7d\"},\"headline\":\"1st Meeting \u201cCaminos de Santiago in Portugal\u201d in Braga\",\"datePublished\":\"2026-03-18T14:05:08+00:00\",\"dateModified\":\"2026-03-18T15:36:36+00:00\",\"mainEntityOfPage\":{\"@id\":\"https:\\\/\\\/www.vialusitana.org\\\/en\\\/1st-meeting-caminos-de-santiago-in-portugal-in-braga\\\/\"},\"wordCount\":472,\"publisher\":{\"@id\":\"https:\\\/\\\/www.vialusitana.org\\\/en\\\/#organization\"},\"image\":{\"@id\":\"https:\\\/\\\/www.vialusitana.org\\\/en\\\/1st-meeting-caminos-de-santiago-in-portugal-in-braga\\\/#primaryimage\"},\"thumbnailUrl\":\"https:\\\/\\\/www.vialusitana.org\\\/wp-content\\\/uploads\\\/2026\\\/03\\\/643319690_1392334382906319_3199991218958832264_n.jpg\",\"inLanguage\":\"en-US\"},{\"@type\":\"WebPage\",\"@id\":\"https:\\\/\\\/www.vialusitana.org\\\/en\\\/1st-meeting-caminos-de-santiago-in-portugal-in-braga\\\/\",\"url\":\"https:\\\/\\\/www.vialusitana.org\\\/en\\\/1st-meeting-caminos-de-santiago-in-portugal-in-braga\\\/\",\"name\":\"1st Meeting \u201cCaminos de Santiago in Portugal\u201d in Braga - Via Lusitana\",\"isPartOf\":{\"@id\":\"https:\\\/\\\/www.vialusitana.org\\\/en\\\/#website\"},\"primaryImageOfPage\":{\"@id\":\"https:\\\/\\\/www.vialusitana.org\\\/en\\\/1st-meeting-caminos-de-santiago-in-portugal-in-braga\\\/#primaryimage\"},\"image\":{\"@id\":\"https:\\\/\\\/www.vialusitana.org\\\/en\\\/1st-meeting-caminos-de-santiago-in-portugal-in-braga\\\/#primaryimage\"},\"thumbnailUrl\":\"https:\\\/\\\/www.vialusitana.org\\\/wp-content\\\/uploads\\\/2026\\\/03\\\/643319690_1392334382906319_3199991218958832264_n.jpg\",\"datePublished\":\"2026-03-18T14:05:08+00:00\",\"dateModified\":\"2026-03-18T15:36:36+00:00\",\"breadcrumb\":{\"@id\":\"https:\\\/\\\/www.vialusitana.org\\\/en\\\/1st-meeting-caminos-de-santiago-in-portugal-in-braga\\\/#breadcrumb\"},\"inLanguage\":\"en-US\",\"potentialAction\":[{\"@type\":\"ReadAction\",\"target\":[\"https:\\\/\\\/www.vialusitana.org\\\/en\\\/1st-meeting-caminos-de-santiago-in-portugal-in-braga\\\/\"]}]},{\"@type\":\"ImageObject\",\"inLanguage\":\"en-US\",\"@id\":\"https:\\\/\\\/www.vialusitana.org\\\/en\\\/1st-meeting-caminos-de-santiago-in-portugal-in-braga\\\/#primaryimage\",\"url\":\"https:\\\/\\\/www.vialusitana.org\\\/wp-content\\\/uploads\\\/2026\\\/03\\\/643319690_1392334382906319_3199991218958832264_n.jpg\",\"contentUrl\":\"https:\\\/\\\/www.vialusitana.org\\\/wp-content\\\/uploads\\\/2026\\\/03\\\/643319690_1392334382906319_3199991218958832264_n.jpg\",\"width\":2048,\"height\":1366},{\"@type\":\"BreadcrumbList\",\"@id\":\"https:\\\/\\\/www.vialusitana.org\\\/en\\\/1st-meeting-caminos-de-santiago-in-portugal-in-braga\\\/#breadcrumb\",\"itemListElement\":[{\"@type\":\"ListItem\",\"position\":1,\"name\":\"Home\",\"item\":\"https:\\\/\\\/www.vialusitana.org\\\/en\\\/\"},{\"@type\":\"ListItem\",\"position\":2,\"name\":\"1st Meeting \u201cCaminos de Santiago in Portugal\u201d in Braga\"}]},{\"@type\":\"WebSite\",\"@id\":\"https:\\\/\\\/www.vialusitana.org\\\/en\\\/#website\",\"url\":\"https:\\\/\\\/www.vialusitana.org\\\/en\\\/\",\"name\":\"Via Lusitana\",\"description\":\"\",\"publisher\":{\"@id\":\"https:\\\/\\\/www.vialusitana.org\\\/en\\\/#organization\"},\"potentialAction\":[{\"@type\":\"SearchAction\",\"target\":{\"@type\":\"EntryPoint\",\"urlTemplate\":\"https:\\\/\\\/www.vialusitana.org\\\/en\\\/?s={search_term_string}\"},\"query-input\":{\"@type\":\"PropertyValueSpecification\",\"valueRequired\":true,\"valueName\":\"search_term_string\"}}],\"inLanguage\":\"en-US\"},{\"@type\":\"Organization\",\"@id\":\"https:\\\/\\\/www.vialusitana.org\\\/en\\\/#organization\",\"name\":\"Via Lusitana\",\"url\":\"https:\\\/\\\/www.vialusitana.org\\\/en\\\/\",\"logo\":{\"@type\":\"ImageObject\",\"inLanguage\":\"en-US\",\"@id\":\"https:\\\/\\\/www.vialusitana.org\\\/en\\\/#\\\/schema\\\/logo\\\/image\\\/\",\"url\":\"https:\\\/\\\/www.vialusitana.org\\\/wp-content\\\/uploads\\\/2024\\\/08\\\/apple-touch-icon.png\",\"contentUrl\":\"https:\\\/\\\/www.vialusitana.org\\\/wp-content\\\/uploads\\\/2024\\\/08\\\/apple-touch-icon.png\",\"width\":180,\"height\":180,\"caption\":\"Via Lusitana\"},\"image\":{\"@id\":\"https:\\\/\\\/www.vialusitana.org\\\/en\\\/#\\\/schema\\\/logo\\\/image\\\/\"},\"sameAs\":[\"https:\\\/\\\/www.facebook.com\\\/ViaLusitana\",\"https:\\\/\\\/www.instagram.com\\\/via_lusitana\\\/\"]},{\"@type\":\"Person\",\"@id\":\"https:\\\/\\\/www.vialusitana.org\\\/en\\\/#\\\/schema\\\/person\\\/974b0f5fc0d1f06d5bbaab9a6c2d4b7d\",\"name\":\"info@vialusitana.org\"}]}<\/script>\n<!-- \/ Yoast SEO plugin. -->","yoast_head_json":{"title":"1st Meeting \u201cCaminos de Santiago in Portugal\u201d in Braga - Via Lusitana","robots":{"index":"index","follow":"follow","max-snippet":"max-snippet:-1","max-image-preview":"max-image-preview:large","max-video-preview":"max-video-preview:-1"},"canonical":"https:\/\/www.vialusitana.org\/en\/1st-meeting-caminos-de-santiago-in-portugal-in-braga\/","og_locale":"en_US","og_type":"article","og_title":"1st Meeting \u201cCaminos de Santiago in Portugal\u201d in Braga - Via Lusitana","og_description":"On April 17 and 18, the Mosteiro de Tib\u00e3es, in Braga, will host the 1st Meeting \u201cCaminhos de Santiago em Portugal\u201d, intended for municipalities, pilgrim associations, professionals from the cultural and tourism sectors, researchers, members of the Advisory Council of the Caminhos de Santiago em Portugal, and other interested members of the public. The meeting [&hellip;]","og_url":"https:\/\/www.vialusitana.org\/en\/1st-meeting-caminos-de-santiago-in-portugal-in-braga\/","og_site_name":"Via Lusitana","article_publisher":"https:\/\/www.facebook.com\/ViaLusitana","article_published_time":"2026-03-18T14:05:08+00:00","article_modified_time":"2026-03-18T15:36:36+00:00","og_image":[{"width":2048,"height":1366,"url":"https:\/\/www.vialusitana.org\/wp-content\/uploads\/2026\/03\/643319690_1392334382906319_3199991218958832264_n.jpg","type":"image\/jpeg"}],"author":"info@vialusitana.org","twitter_card":"summary_large_image","twitter_misc":{"Written by":"info@vialusitana.org","Est. reading time":"3 minutes"},"schema":{"@context":"https:\/\/schema.org","@graph":[{"@type":"Article","@id":"https:\/\/www.vialusitana.org\/en\/1st-meeting-caminos-de-santiago-in-portugal-in-braga\/#article","isPartOf":{"@id":"https:\/\/www.vialusitana.org\/en\/1st-meeting-caminos-de-santiago-in-portugal-in-braga\/"},"author":{"name":"info@vialusitana.org","@id":"https:\/\/www.vialusitana.org\/en\/#\/schema\/person\/974b0f5fc0d1f06d5bbaab9a6c2d4b7d"},"headline":"1st Meeting \u201cCaminos de Santiago in Portugal\u201d in Braga","datePublished":"2026-03-18T14:05:08+00:00","dateModified":"2026-03-18T15:36:36+00:00","mainEntityOfPage":{"@id":"https:\/\/www.vialusitana.org\/en\/1st-meeting-caminos-de-santiago-in-portugal-in-braga\/"},"wordCount":472,"publisher":{"@id":"https:\/\/www.vialusitana.org\/en\/#organization"},"image":{"@id":"https:\/\/www.vialusitana.org\/en\/1st-meeting-caminos-de-santiago-in-portugal-in-braga\/#primaryimage"},"thumbnailUrl":"https:\/\/www.vialusitana.org\/wp-content\/uploads\/2026\/03\/643319690_1392334382906319_3199991218958832264_n.jpg","inLanguage":"en-US"},{"@type":"WebPage","@id":"https:\/\/www.vialusitana.org\/en\/1st-meeting-caminos-de-santiago-in-portugal-in-braga\/","url":"https:\/\/www.vialusitana.org\/en\/1st-meeting-caminos-de-santiago-in-portugal-in-braga\/","name":"1st Meeting \u201cCaminos de Santiago in Portugal\u201d in Braga - Via Lusitana","isPartOf":{"@id":"https:\/\/www.vialusitana.org\/en\/#website"},"primaryImageOfPage":{"@id":"https:\/\/www.vialusitana.org\/en\/1st-meeting-caminos-de-santiago-in-portugal-in-braga\/#primaryimage"},"image":{"@id":"https:\/\/www.vialusitana.org\/en\/1st-meeting-caminos-de-santiago-in-portugal-in-braga\/#primaryimage"},"thumbnailUrl":"https:\/\/www.vialusitana.org\/wp-content\/uploads\/2026\/03\/643319690_1392334382906319_3199991218958832264_n.jpg","datePublished":"2026-03-18T14:05:08+00:00","dateModified":"2026-03-18T15:36:36+00:00","breadcrumb":{"@id":"https:\/\/www.vialusitana.org\/en\/1st-meeting-caminos-de-santiago-in-portugal-in-braga\/#breadcrumb"},"inLanguage":"en-US","potentialAction":[{"@type":"ReadAction","target":["https:\/\/www.vialusitana.org\/en\/1st-meeting-caminos-de-santiago-in-portugal-in-braga\/"]}]},{"@type":"ImageObject","inLanguage":"en-US","@id":"https:\/\/www.vialusitana.org\/en\/1st-meeting-caminos-de-santiago-in-portugal-in-braga\/#primaryimage","url":"https:\/\/www.vialusitana.org\/wp-content\/uploads\/2026\/03\/643319690_1392334382906319_3199991218958832264_n.jpg","contentUrl":"https:\/\/www.vialusitana.org\/wp-content\/uploads\/2026\/03\/643319690_1392334382906319_3199991218958832264_n.jpg","width":2048,"height":1366},{"@type":"BreadcrumbList","@id":"https:\/\/www.vialusitana.org\/en\/1st-meeting-caminos-de-santiago-in-portugal-in-braga\/#breadcrumb","itemListElement":[{"@type":"ListItem","position":1,"name":"Home","item":"https:\/\/www.vialusitana.org\/en\/"},{"@type":"ListItem","position":2,"name":"1st Meeting \u201cCaminos de Santiago in Portugal\u201d in Braga"}]},{"@type":"WebSite","@id":"https:\/\/www.vialusitana.org\/en\/#website","url":"https:\/\/www.vialusitana.org\/en\/","name":"Via Lusitana","description":"","publisher":{"@id":"https:\/\/www.vialusitana.org\/en\/#organization"},"potentialAction":[{"@type":"SearchAction","target":{"@type":"EntryPoint","urlTemplate":"https:\/\/www.vialusitana.org\/en\/?s={search_term_string}"},"query-input":{"@type":"PropertyValueSpecification","valueRequired":true,"valueName":"search_term_string"}}],"inLanguage":"en-US"},{"@type":"Organization","@id":"https:\/\/www.vialusitana.org\/en\/#organization","name":"Via Lusitana","url":"https:\/\/www.vialusitana.org\/en\/","logo":{"@type":"ImageObject","inLanguage":"en-US","@id":"https:\/\/www.vialusitana.org\/en\/#\/schema\/logo\/image\/","url":"https:\/\/www.vialusitana.org\/wp-content\/uploads\/2024\/08\/apple-touch-icon.png","contentUrl":"https:\/\/www.vialusitana.org\/wp-content\/uploads\/2024\/08\/apple-touch-icon.png","width":180,"height":180,"caption":"Via Lusitana"},"image":{"@id":"https:\/\/www.vialusitana.org\/en\/#\/schema\/logo\/image\/"},"sameAs":["https:\/\/www.facebook.com\/ViaLusitana","https:\/\/www.instagram.com\/via_lusitana\/"]},{"@type":"Person","@id":"https:\/\/www.vialusitana.org\/en\/#\/schema\/person\/974b0f5fc0d1f06d5bbaab9a6c2d4b7d","name":"info@vialusitana.org"}]}},"_links":{"self":[{"href":"https:\/\/www.vialusitana.org\/en\/wp-json\/wp\/v2\/posts\/5563","targetHints":{"allow":["GET"]}}],"collection":[{"href":"https:\/\/www.vialusitana.org\/en\/wp-json\/wp\/v2\/posts"}],"about":[{"href":"https:\/\/www.vialusitana.org\/en\/wp-json\/wp\/v2\/types\/post"}],"author":[{"embeddable":true,"href":"https:\/\/www.vialusitana.org\/en\/wp-json\/wp\/v2\/users\/3"}],"replies":[{"embeddable":true,"href":"https:\/\/www.vialusitana.org\/en\/wp-json\/wp\/v2\/comments?post=5563"}],"version-history":[{"count":8,"href":"https:\/\/www.vialusitana.org\/en\/wp-json\/wp\/v2\/posts\/5563\/revisions"}],"predecessor-version":[{"id":5573,"href":"https:\/\/www.vialusitana.org\/en\/wp-json\/wp\/v2\/posts\/5563\/revisions\/5573"}],"wp:featuredmedia":[{"embeddable":true,"href":"https:\/\/www.vialusitana.org\/en\/wp-json\/wp\/v2\/media\/5552"}],"wp:attachment":[{"href":"https:\/\/www.vialusitana.org\/en\/wp-json\/wp\/v2\/media?parent=5563"}],"wp:term":[{"taxonomy":"category","embeddable":true,"href":"https:\/\/www.vialusitana.org\/en\/wp-json\/wp\/v2\/categories?post=5563"},{"taxonomy":"post_tag","embeddable":true,"href":"https:\/\/www.vialusitana.org\/en\/wp-json\/wp\/v2\/tags?post=5563"}],"curies":[{"name":"wp","href":"https:\/\/api.w.org\/{rel}","templated":true}]}}