{"id":5462,"date":"2026-01-21T16:40:08","date_gmt":"2026-01-21T16:40:08","guid":{"rendered":"https:\/\/www.vialusitana.org\/associacao-espaco-jacobeus-inaugura-nova-delegacao\/"},"modified":"2026-01-21T18:37:48","modified_gmt":"2026-01-21T18:37:48","slug":"associacao-espaco-jacobeus-opens-new-branch","status":"publish","type":"post","link":"https:\/\/www.vialusitana.org\/en\/associacao-espaco-jacobeus-opens-new-branch\/","title":{"rendered":"Associa\u00e7\u00e3o Espa\u00e7o Jacobeus opens new branch"},"content":{"rendered":"<article class=\"text-token-text-primary w-full focus:outline-none [--shadow-height:45px] has-data-writing-block:pointer-events-none has-data-writing-block:-mt-(--shadow-height) has-data-writing-block:pt-(--shadow-height) [&amp;:has([data-writing-block])&gt;*]:pointer-events-auto scroll-mt-[calc(var(--header-height)+min(200px,max(70px,20svh)))]\" dir=\"auto\" tabindex=\"-1\" data-turn-id=\"request-696a6da0-39e0-8328-a63d-164f5745161c-34\" data-testid=\"conversation-turn-188\" data-scroll-anchor=\"false\" data-turn=\"assistant\">\n<div class=\"text-base my-auto mx-auto [--thread-content-margin:--spacing(4)] @w-sm\/main:[--thread-content-margin:--spacing(6)] @w-lg\/main:[--thread-content-margin:--spacing(16)] px-(--thread-content-margin)\">\n<div class=\"[--thread-content-max-width:40rem] @w-lg\/main:[--thread-content-max-width:48rem] mx-auto max-w-(--thread-content-max-width) flex-1 group\/turn-messages focus-visible:outline-hidden relative flex w-full min-w-0 flex-col agent-turn\" tabindex=\"-1\">\n<div class=\"flex max-w-full flex-col grow\">\n<div class=\"min-h-8 text-message relative flex w-full flex-col items-end gap-2 text-start break-words whitespace-normal [.text-message+&amp;]:mt-1\" dir=\"auto\" data-message-author-role=\"assistant\" data-message-id=\"015b729b-55a7-4a1f-b22c-df6800328d90\" data-message-model-slug=\"gpt-5-2\">\n<div class=\"flex w-full flex-col gap-1 empty:hidden first:pt-[1px]\">\n<div class=\"markdown prose dark:prose-invert w-full break-words light markdown-new-styling\">\n<p data-start=\"49\" data-end=\"287\">The <em data-start=\"53\" data-end=\"81\">Associa\u00e7\u00e3o Espa\u00e7o Jacobeus<\/em> (Jacobean Association, hereinafter AEJ) will open a <strong>new branch in Marco de Canaveses on February 7<\/strong>, in an initiative that brings together members and pilgrims and marks the creation of this new local unit.<\/p>\n<p data-start=\"289\" data-end=\"698\">The morning program begins at 9:30 a.m. at the Parish of Santa Marinha de Fornos, next to the Church of Santa Maria, with the <strong>reception of participants and registration<\/strong>. This moment includes a <strong>photographic exhibition dedicated to the Camino de Santiago<\/strong>. After registration, there will be a presentation by the Association\u2019s National Board, followed by the presentation of the new branch by the local delegate.<\/p>\n<p data-start=\"700\" data-end=\"989\">At 11:00 a.m., <strong>a Mass will be celebrated<\/strong> by the Archpriest and Parish Priest, Father Herm\u00ednio Bernardo Rodrigues Pinto, during which the new branch and the pilgrims will be blessed. Before lunch, participants will have the opportunity to <strong>visit the church designed by architect Siza Vieira.<\/strong><\/p>\n<p data-start=\"991\" data-end=\"1346\"><strong>The social lunch will take place at 1:00 p.m. and requires prior registration by January 30<\/strong>. The cost is \u20ac22.50 for members with fees up to date and \u20ac27.50 for non-members. Payment must be made by bank transfer to IBAN PT50 0035 0721 0001 7934 33078, and proof of payment should be sent to <a class=\"decorated-link cursor-pointer\" rel=\"noopener\" data-start=\"1281\" data-end=\"1298\">tesouraria@aej.pt<\/a>, indicating the full name or membership number.<\/p>\n<p data-start=\"1348\" data-end=\"1606\" data-is-last-node=\"\" data-is-only-node=\"\">The afternoon concludes with a <strong>free guided visit to the Carmen Miranda Interactive Museum, scheduled for 3:30 p.m<\/strong>. For further information, interested parties may contact the AEJ delegate in Marco de Canaveses, Jorge Coelho, by telephone at <a href=\"tel:+351918092304\">+351 918 092 304<\/a>.<\/p>\n<\/div>\n<\/div>\n<\/div>\n<\/div>\n<div class=\"z-0 flex min-h-[46px] justify-start\"><\/div>\n<\/div>\n<\/div>\n<\/article>\n<article class=\"text-token-text-primary w-full focus:outline-none [--shadow-height:45px] has-data-writing-block:pointer-events-none has-data-writing-block:-mt-(--shadow-height) has-data-writing-block:pt-(--shadow-height) [&amp;:has([data-writing-block])&gt;*]:pointer-events-auto scroll-mt-(--header-height)\" dir=\"auto\" tabindex=\"-1\" data-turn-id=\"21e6866f-fca8-4395-b1ef-8db9e79edd23\" data-testid=\"conversation-turn-189\" data-scroll-anchor=\"false\" data-turn=\"user\"><\/article>\n","protected":false},"excerpt":{"rendered":"<p>The Associa\u00e7\u00e3o Espa\u00e7o Jacobeus (Jacobean Association, hereinafter AEJ) will open a new branch in Marco de Canaveses on February 7, in an initiative that brings together members and pilgrims and marks the creation of this new local unit. The morning program begins at 9:30 a.m. at the Parish of Santa Marinha de Fornos, next to [&hellip;]<\/p>\n","protected":false},"author":3,"featured_media":5459,"comment_status":"closed","ping_status":"closed","sticky":false,"template":"","format":"standard","meta":{"_acf_changed":false,"footnotes":""},"categories":[4],"tags":[],"class_list":["post-5462","post","type-post","status-publish","format-standard","has-post-thumbnail","hentry","category-uncategorized"],"acf":{"image_1":"","image_2":"","image_3":"","image_4":"","image_5":""},"yoast_head":"<!-- This site is optimized with the Yoast SEO plugin v27.4 - https:\/\/yoast.com\/product\/yoast-seo-wordpress\/ -->\n<title>Associa\u00e7\u00e3o Espa\u00e7o Jacobeus opens new branch - Via Lusitana<\/title>\n<meta name=\"robots\" content=\"index, follow, max-snippet:-1, max-image-preview:large, max-video-preview:-1\" \/>\n<link rel=\"canonical\" href=\"https:\/\/www.vialusitana.org\/en\/associacao-espaco-jacobeus-opens-new-branch\/\" \/>\n<meta property=\"og:locale\" content=\"en_US\" \/>\n<meta property=\"og:type\" content=\"article\" \/>\n<meta property=\"og:title\" content=\"Associa\u00e7\u00e3o Espa\u00e7o Jacobeus opens new branch - Via Lusitana\" \/>\n<meta property=\"og:description\" content=\"The Associa\u00e7\u00e3o Espa\u00e7o Jacobeus (Jacobean Association, hereinafter AEJ) will open a new branch in Marco de Canaveses on February 7, in an initiative that brings together members and pilgrims and marks the creation of this new local unit. The morning program begins at 9:30 a.m. at the Parish of Santa Marinha de Fornos, next to [&hellip;]\" \/>\n<meta property=\"og:url\" content=\"https:\/\/www.vialusitana.org\/en\/associacao-espaco-jacobeus-opens-new-branch\/\" \/>\n<meta property=\"og:site_name\" content=\"Via Lusitana\" \/>\n<meta property=\"article:publisher\" content=\"https:\/\/www.facebook.com\/ViaLusitana\" \/>\n<meta property=\"article:published_time\" content=\"2026-01-21T16:40:08+00:00\" \/>\n<meta property=\"article:modified_time\" content=\"2026-01-21T18:37:48+00:00\" \/>\n<meta property=\"og:image\" content=\"https:\/\/www.vialusitana.org\/wp-content\/uploads\/2026\/01\/ymgw0raj6juk.jpg\" \/>\n\t<meta property=\"og:image:width\" content=\"1558\" \/>\n\t<meta property=\"og:image:height\" content=\"877\" \/>\n\t<meta property=\"og:image:type\" content=\"image\/jpeg\" \/>\n<meta name=\"author\" content=\"info@vialusitana.org\" \/>\n<meta name=\"twitter:card\" content=\"summary_large_image\" \/>\n<meta name=\"twitter:label1\" content=\"Written by\" \/>\n\t<meta name=\"twitter:data1\" content=\"info@vialusitana.org\" \/>\n\t<meta name=\"twitter:label2\" content=\"Est. reading time\" \/>\n\t<meta name=\"twitter:data2\" content=\"2 minutes\" \/>\n<script type=\"application\/ld+json\" class=\"yoast-schema-graph\">{\"@context\":\"https:\\\/\\\/schema.org\",\"@graph\":[{\"@type\":\"Article\",\"@id\":\"https:\\\/\\\/www.vialusitana.org\\\/en\\\/associacao-espaco-jacobeus-opens-new-branch\\\/#article\",\"isPartOf\":{\"@id\":\"https:\\\/\\\/www.vialusitana.org\\\/en\\\/associacao-espaco-jacobeus-opens-new-branch\\\/\"},\"author\":{\"name\":\"info@vialusitana.org\",\"@id\":\"https:\\\/\\\/www.vialusitana.org\\\/en\\\/#\\\/schema\\\/person\\\/974b0f5fc0d1f06d5bbaab9a6c2d4b7d\"},\"headline\":\"Associa\u00e7\u00e3o Espa\u00e7o Jacobeus opens new branch\",\"datePublished\":\"2026-01-21T16:40:08+00:00\",\"dateModified\":\"2026-01-21T18:37:48+00:00\",\"mainEntityOfPage\":{\"@id\":\"https:\\\/\\\/www.vialusitana.org\\\/en\\\/associacao-espaco-jacobeus-opens-new-branch\\\/\"},\"wordCount\":253,\"publisher\":{\"@id\":\"https:\\\/\\\/www.vialusitana.org\\\/en\\\/#organization\"},\"image\":{\"@id\":\"https:\\\/\\\/www.vialusitana.org\\\/en\\\/associacao-espaco-jacobeus-opens-new-branch\\\/#primaryimage\"},\"thumbnailUrl\":\"https:\\\/\\\/www.vialusitana.org\\\/wp-content\\\/uploads\\\/2026\\\/01\\\/ymgw0raj6juk.jpg\",\"inLanguage\":\"en-US\"},{\"@type\":\"WebPage\",\"@id\":\"https:\\\/\\\/www.vialusitana.org\\\/en\\\/associacao-espaco-jacobeus-opens-new-branch\\\/\",\"url\":\"https:\\\/\\\/www.vialusitana.org\\\/en\\\/associacao-espaco-jacobeus-opens-new-branch\\\/\",\"name\":\"Associa\u00e7\u00e3o Espa\u00e7o Jacobeus opens new branch - Via Lusitana\",\"isPartOf\":{\"@id\":\"https:\\\/\\\/www.vialusitana.org\\\/en\\\/#website\"},\"primaryImageOfPage\":{\"@id\":\"https:\\\/\\\/www.vialusitana.org\\\/en\\\/associacao-espaco-jacobeus-opens-new-branch\\\/#primaryimage\"},\"image\":{\"@id\":\"https:\\\/\\\/www.vialusitana.org\\\/en\\\/associacao-espaco-jacobeus-opens-new-branch\\\/#primaryimage\"},\"thumbnailUrl\":\"https:\\\/\\\/www.vialusitana.org\\\/wp-content\\\/uploads\\\/2026\\\/01\\\/ymgw0raj6juk.jpg\",\"datePublished\":\"2026-01-21T16:40:08+00:00\",\"dateModified\":\"2026-01-21T18:37:48+00:00\",\"breadcrumb\":{\"@id\":\"https:\\\/\\\/www.vialusitana.org\\\/en\\\/associacao-espaco-jacobeus-opens-new-branch\\\/#breadcrumb\"},\"inLanguage\":\"en-US\",\"potentialAction\":[{\"@type\":\"ReadAction\",\"target\":[\"https:\\\/\\\/www.vialusitana.org\\\/en\\\/associacao-espaco-jacobeus-opens-new-branch\\\/\"]}]},{\"@type\":\"ImageObject\",\"inLanguage\":\"en-US\",\"@id\":\"https:\\\/\\\/www.vialusitana.org\\\/en\\\/associacao-espaco-jacobeus-opens-new-branch\\\/#primaryimage\",\"url\":\"https:\\\/\\\/www.vialusitana.org\\\/wp-content\\\/uploads\\\/2026\\\/01\\\/ymgw0raj6juk.jpg\",\"contentUrl\":\"https:\\\/\\\/www.vialusitana.org\\\/wp-content\\\/uploads\\\/2026\\\/01\\\/ymgw0raj6juk.jpg\",\"width\":1558,\"height\":877},{\"@type\":\"BreadcrumbList\",\"@id\":\"https:\\\/\\\/www.vialusitana.org\\\/en\\\/associacao-espaco-jacobeus-opens-new-branch\\\/#breadcrumb\",\"itemListElement\":[{\"@type\":\"ListItem\",\"position\":1,\"name\":\"Home\",\"item\":\"https:\\\/\\\/www.vialusitana.org\\\/en\\\/\"},{\"@type\":\"ListItem\",\"position\":2,\"name\":\"Associa\u00e7\u00e3o Espa\u00e7o Jacobeus opens new branch\"}]},{\"@type\":\"WebSite\",\"@id\":\"https:\\\/\\\/www.vialusitana.org\\\/en\\\/#website\",\"url\":\"https:\\\/\\\/www.vialusitana.org\\\/en\\\/\",\"name\":\"Via Lusitana\",\"description\":\"\",\"publisher\":{\"@id\":\"https:\\\/\\\/www.vialusitana.org\\\/en\\\/#organization\"},\"potentialAction\":[{\"@type\":\"SearchAction\",\"target\":{\"@type\":\"EntryPoint\",\"urlTemplate\":\"https:\\\/\\\/www.vialusitana.org\\\/en\\\/?s={search_term_string}\"},\"query-input\":{\"@type\":\"PropertyValueSpecification\",\"valueRequired\":true,\"valueName\":\"search_term_string\"}}],\"inLanguage\":\"en-US\"},{\"@type\":\"Organization\",\"@id\":\"https:\\\/\\\/www.vialusitana.org\\\/en\\\/#organization\",\"name\":\"Via Lusitana\",\"url\":\"https:\\\/\\\/www.vialusitana.org\\\/en\\\/\",\"logo\":{\"@type\":\"ImageObject\",\"inLanguage\":\"en-US\",\"@id\":\"https:\\\/\\\/www.vialusitana.org\\\/en\\\/#\\\/schema\\\/logo\\\/image\\\/\",\"url\":\"https:\\\/\\\/www.vialusitana.org\\\/wp-content\\\/uploads\\\/2024\\\/08\\\/apple-touch-icon.png\",\"contentUrl\":\"https:\\\/\\\/www.vialusitana.org\\\/wp-content\\\/uploads\\\/2024\\\/08\\\/apple-touch-icon.png\",\"width\":180,\"height\":180,\"caption\":\"Via Lusitana\"},\"image\":{\"@id\":\"https:\\\/\\\/www.vialusitana.org\\\/en\\\/#\\\/schema\\\/logo\\\/image\\\/\"},\"sameAs\":[\"https:\\\/\\\/www.facebook.com\\\/ViaLusitana\",\"https:\\\/\\\/www.instagram.com\\\/via_lusitana\\\/\"]},{\"@type\":\"Person\",\"@id\":\"https:\\\/\\\/www.vialusitana.org\\\/en\\\/#\\\/schema\\\/person\\\/974b0f5fc0d1f06d5bbaab9a6c2d4b7d\",\"name\":\"info@vialusitana.org\"}]}<\/script>\n<!-- \/ Yoast SEO plugin. -->","yoast_head_json":{"title":"Associa\u00e7\u00e3o Espa\u00e7o Jacobeus opens new branch - Via Lusitana","robots":{"index":"index","follow":"follow","max-snippet":"max-snippet:-1","max-image-preview":"max-image-preview:large","max-video-preview":"max-video-preview:-1"},"canonical":"https:\/\/www.vialusitana.org\/en\/associacao-espaco-jacobeus-opens-new-branch\/","og_locale":"en_US","og_type":"article","og_title":"Associa\u00e7\u00e3o Espa\u00e7o Jacobeus opens new branch - Via Lusitana","og_description":"The Associa\u00e7\u00e3o Espa\u00e7o Jacobeus (Jacobean Association, hereinafter AEJ) will open a new branch in Marco de Canaveses on February 7, in an initiative that brings together members and pilgrims and marks the creation of this new local unit. The morning program begins at 9:30 a.m. at the Parish of Santa Marinha de Fornos, next to [&hellip;]","og_url":"https:\/\/www.vialusitana.org\/en\/associacao-espaco-jacobeus-opens-new-branch\/","og_site_name":"Via Lusitana","article_publisher":"https:\/\/www.facebook.com\/ViaLusitana","article_published_time":"2026-01-21T16:40:08+00:00","article_modified_time":"2026-01-21T18:37:48+00:00","og_image":[{"width":1558,"height":877,"url":"https:\/\/www.vialusitana.org\/wp-content\/uploads\/2026\/01\/ymgw0raj6juk.jpg","type":"image\/jpeg"}],"author":"info@vialusitana.org","twitter_card":"summary_large_image","twitter_misc":{"Written by":"info@vialusitana.org","Est. reading time":"2 minutes"},"schema":{"@context":"https:\/\/schema.org","@graph":[{"@type":"Article","@id":"https:\/\/www.vialusitana.org\/en\/associacao-espaco-jacobeus-opens-new-branch\/#article","isPartOf":{"@id":"https:\/\/www.vialusitana.org\/en\/associacao-espaco-jacobeus-opens-new-branch\/"},"author":{"name":"info@vialusitana.org","@id":"https:\/\/www.vialusitana.org\/en\/#\/schema\/person\/974b0f5fc0d1f06d5bbaab9a6c2d4b7d"},"headline":"Associa\u00e7\u00e3o Espa\u00e7o Jacobeus opens new branch","datePublished":"2026-01-21T16:40:08+00:00","dateModified":"2026-01-21T18:37:48+00:00","mainEntityOfPage":{"@id":"https:\/\/www.vialusitana.org\/en\/associacao-espaco-jacobeus-opens-new-branch\/"},"wordCount":253,"publisher":{"@id":"https:\/\/www.vialusitana.org\/en\/#organization"},"image":{"@id":"https:\/\/www.vialusitana.org\/en\/associacao-espaco-jacobeus-opens-new-branch\/#primaryimage"},"thumbnailUrl":"https:\/\/www.vialusitana.org\/wp-content\/uploads\/2026\/01\/ymgw0raj6juk.jpg","inLanguage":"en-US"},{"@type":"WebPage","@id":"https:\/\/www.vialusitana.org\/en\/associacao-espaco-jacobeus-opens-new-branch\/","url":"https:\/\/www.vialusitana.org\/en\/associacao-espaco-jacobeus-opens-new-branch\/","name":"Associa\u00e7\u00e3o Espa\u00e7o Jacobeus opens new branch - Via Lusitana","isPartOf":{"@id":"https:\/\/www.vialusitana.org\/en\/#website"},"primaryImageOfPage":{"@id":"https:\/\/www.vialusitana.org\/en\/associacao-espaco-jacobeus-opens-new-branch\/#primaryimage"},"image":{"@id":"https:\/\/www.vialusitana.org\/en\/associacao-espaco-jacobeus-opens-new-branch\/#primaryimage"},"thumbnailUrl":"https:\/\/www.vialusitana.org\/wp-content\/uploads\/2026\/01\/ymgw0raj6juk.jpg","datePublished":"2026-01-21T16:40:08+00:00","dateModified":"2026-01-21T18:37:48+00:00","breadcrumb":{"@id":"https:\/\/www.vialusitana.org\/en\/associacao-espaco-jacobeus-opens-new-branch\/#breadcrumb"},"inLanguage":"en-US","potentialAction":[{"@type":"ReadAction","target":["https:\/\/www.vialusitana.org\/en\/associacao-espaco-jacobeus-opens-new-branch\/"]}]},{"@type":"ImageObject","inLanguage":"en-US","@id":"https:\/\/www.vialusitana.org\/en\/associacao-espaco-jacobeus-opens-new-branch\/#primaryimage","url":"https:\/\/www.vialusitana.org\/wp-content\/uploads\/2026\/01\/ymgw0raj6juk.jpg","contentUrl":"https:\/\/www.vialusitana.org\/wp-content\/uploads\/2026\/01\/ymgw0raj6juk.jpg","width":1558,"height":877},{"@type":"BreadcrumbList","@id":"https:\/\/www.vialusitana.org\/en\/associacao-espaco-jacobeus-opens-new-branch\/#breadcrumb","itemListElement":[{"@type":"ListItem","position":1,"name":"Home","item":"https:\/\/www.vialusitana.org\/en\/"},{"@type":"ListItem","position":2,"name":"Associa\u00e7\u00e3o Espa\u00e7o Jacobeus opens new branch"}]},{"@type":"WebSite","@id":"https:\/\/www.vialusitana.org\/en\/#website","url":"https:\/\/www.vialusitana.org\/en\/","name":"Via Lusitana","description":"","publisher":{"@id":"https:\/\/www.vialusitana.org\/en\/#organization"},"potentialAction":[{"@type":"SearchAction","target":{"@type":"EntryPoint","urlTemplate":"https:\/\/www.vialusitana.org\/en\/?s={search_term_string}"},"query-input":{"@type":"PropertyValueSpecification","valueRequired":true,"valueName":"search_term_string"}}],"inLanguage":"en-US"},{"@type":"Organization","@id":"https:\/\/www.vialusitana.org\/en\/#organization","name":"Via Lusitana","url":"https:\/\/www.vialusitana.org\/en\/","logo":{"@type":"ImageObject","inLanguage":"en-US","@id":"https:\/\/www.vialusitana.org\/en\/#\/schema\/logo\/image\/","url":"https:\/\/www.vialusitana.org\/wp-content\/uploads\/2024\/08\/apple-touch-icon.png","contentUrl":"https:\/\/www.vialusitana.org\/wp-content\/uploads\/2024\/08\/apple-touch-icon.png","width":180,"height":180,"caption":"Via Lusitana"},"image":{"@id":"https:\/\/www.vialusitana.org\/en\/#\/schema\/logo\/image\/"},"sameAs":["https:\/\/www.facebook.com\/ViaLusitana","https:\/\/www.instagram.com\/via_lusitana\/"]},{"@type":"Person","@id":"https:\/\/www.vialusitana.org\/en\/#\/schema\/person\/974b0f5fc0d1f06d5bbaab9a6c2d4b7d","name":"info@vialusitana.org"}]}},"_links":{"self":[{"href":"https:\/\/www.vialusitana.org\/en\/wp-json\/wp\/v2\/posts\/5462","targetHints":{"allow":["GET"]}}],"collection":[{"href":"https:\/\/www.vialusitana.org\/en\/wp-json\/wp\/v2\/posts"}],"about":[{"href":"https:\/\/www.vialusitana.org\/en\/wp-json\/wp\/v2\/types\/post"}],"author":[{"embeddable":true,"href":"https:\/\/www.vialusitana.org\/en\/wp-json\/wp\/v2\/users\/3"}],"replies":[{"embeddable":true,"href":"https:\/\/www.vialusitana.org\/en\/wp-json\/wp\/v2\/comments?post=5462"}],"version-history":[{"count":3,"href":"https:\/\/www.vialusitana.org\/en\/wp-json\/wp\/v2\/posts\/5462\/revisions"}],"predecessor-version":[{"id":5465,"href":"https:\/\/www.vialusitana.org\/en\/wp-json\/wp\/v2\/posts\/5462\/revisions\/5465"}],"wp:featuredmedia":[{"embeddable":true,"href":"https:\/\/www.vialusitana.org\/en\/wp-json\/wp\/v2\/media\/5459"}],"wp:attachment":[{"href":"https:\/\/www.vialusitana.org\/en\/wp-json\/wp\/v2\/media?parent=5462"}],"wp:term":[{"taxonomy":"category","embeddable":true,"href":"https:\/\/www.vialusitana.org\/en\/wp-json\/wp\/v2\/categories?post=5462"},{"taxonomy":"post_tag","embeddable":true,"href":"https:\/\/www.vialusitana.org\/en\/wp-json\/wp\/v2\/tags?post=5462"}],"curies":[{"name":"wp","href":"https:\/\/api.w.org\/{rel}","templated":true}]}}