{"id":5282,"date":"2025-10-22T11:06:24","date_gmt":"2025-10-22T11:06:24","guid":{"rendered":"https:\/\/www.vialusitana.org\/caminho-da-geira-e-dos-arrieiros-bate-novo-recorde-de-peregrinos\/"},"modified":"2025-10-22T11:41:34","modified_gmt":"2025-10-22T11:41:34","slug":"geira-and-arrieiros-route-breaks-neww-pilgrimage-record","status":"publish","type":"post","link":"https:\/\/www.vialusitana.org\/en\/geira-and-arrieiros-route-breaks-neww-pilgrimage-record\/","title":{"rendered":"Geira and Arrieiros Route breaks new pilgrimage record"},"content":{"rendered":"<article class=\"text-token-text-primary w-full focus:outline-none [--shadow-height:45px] has-data-writing-block:pointer-events-none has-data-writing-block:-mt-(--shadow-height) has-data-writing-block:pt-(--shadow-height) [&amp;:has([data-writing-block])&gt;*]:pointer-events-auto scroll-mt-[calc(var(--header-height)+min(200px,max(70px,20svh)))]\" dir=\"auto\" tabindex=\"-1\" data-turn-id=\"request-68efc015-8298-832a-9202-465b1c48770b-1\" data-testid=\"conversation-turn-378\" data-scroll-anchor=\"true\" data-turn=\"assistant\">\n<div class=\"text-base my-auto mx-auto pb-10 [--thread-content-margin:--spacing(4)] thread-sm:[--thread-content-margin:--spacing(6)] thread-lg:[--thread-content-margin:--spacing(16)] px-(--thread-content-margin)\">\n<div class=\"[--thread-content-max-width:40rem] thread-lg:[--thread-content-max-width:48rem] mx-auto max-w-(--thread-content-max-width) flex-1 group\/turn-messages focus-visible:outline-hidden relative flex w-full min-w-0 flex-col agent-turn\" tabindex=\"-1\">\n<div class=\"flex max-w-full flex-col grow\">\n<div class=\"min-h-8 text-message relative flex w-full flex-col items-end gap-2 text-start break-words whitespace-normal [.text-message+&amp;]:mt-1\" dir=\"auto\" data-message-author-role=\"assistant\" data-message-id=\"178d9bb4-2f73-443d-8b2f-96932f2a9534\" data-message-model-slug=\"gpt-5\">\n<div class=\"flex w-full flex-col gap-1 empty:hidden first:pt-[1px]\">\n<div class=\"markdown prose dark:prose-invert w-full break-words light markdown-new-styling\">\n<p data-start=\"274\" data-end=\"805\">The Geira and Arrieiros Route recorded its <strong>best result ever this year, with 692 pilgrims<\/strong> completing the journey \u2014 slightly surpassing last year\u2019s total. According to the <em>Associa\u00e7\u00e3o Transfronteiri\u00e7a do Caminho da Geira e Arrieiros<\/em> (Transboundary Association that promotes the route), based on data from the Pilgrims\u2019 Office of the Cathedral of Santiago, departures from Braga increased by 7.3%, and the number of Compostelas issued rose by 4.9%. The route is thus consolidating itself as one of the most sought-after options for those seeking an authentic and immersive pilgrimage experience.<\/p>\n<p data-start=\"807\" data-end=\"1175\">In contrast, <strong>the Portuguese Central Route registered a 9.2% drop in departures from Braga<\/strong>, although the total number of pilgrims along that route grew by 3.7%. Overall, the city maintains a key role within the Jacobean network, with the Geira and Arrieiros Route contributing increasingly to its prominence, a trend that has been steadily reinforced in recent years.<\/p>\n<p data-start=\"1177\" data-end=\"1626\">Created in 2017 and officially recognised by the Church in 2019, the 239-kilometre route links Braga Cathedral to Santiago Cathedral, passing through Amares, Terras de Bouro and Melga\u00e7o, and entering Galicia through the Portela do Homem. The path includes two unique heritage features: the ancient Roman road Geira, regarded as the best-preserved of its kind in the former Western Roman Empire, and the Ger\u00eas-Xur\u00e9s Transboundary Biosphere Reserve.<\/p>\n<p data-start=\"1628\" data-end=\"1970\" data-is-last-node=\"\" data-is-only-node=\"\">Since its presentation,<strong> the Geira and Arrieiros Route has been travelled by more than 7,500 pilgrims from around 50 countries<\/strong>, including Portugal, Spain, Japan, Mexico and Canada. It is one of the few routes that lead directly to Santiago Cathedral, reinforcing Braga\u2019s role as a departure point for a Jacobean route of distinctive character.<\/p>\n<\/div>\n<\/div>\n<\/div>\n<\/div>\n<div class=\"z-0 flex min-h-[46px] justify-start\"><\/div>\n<div class=\"mt-3 w-full empty:hidden\">\n<div class=\"text-center\"><\/div>\n<\/div>\n<\/div>\n<\/div>\n<\/article>\n<div class=\"pointer-events-none h-px w-px\" aria-hidden=\"true\" data-edge=\"true\"><\/div>\n","protected":false},"excerpt":{"rendered":"<p>The Geira and Arrieiros Route recorded its best result ever this year, with 692 pilgrims completing the journey \u2014 slightly surpassing last year\u2019s total. According to the Associa\u00e7\u00e3o Transfronteiri\u00e7a do Caminho da Geira e Arrieiros (Transboundary Association that promotes the route), based on data from the Pilgrims\u2019 Office of the Cathedral of Santiago, departures from [&hellip;]<\/p>\n","protected":false},"author":3,"featured_media":5278,"comment_status":"closed","ping_status":"closed","sticky":false,"template":"","format":"standard","meta":{"_acf_changed":false,"footnotes":""},"categories":[4],"tags":[],"class_list":["post-5282","post","type-post","status-publish","format-standard","has-post-thumbnail","hentry","category-uncategorized"],"acf":{"image_1":"","image_2":"","image_3":"","image_4":"","image_5":""},"yoast_head":"<!-- This site is optimized with the Yoast SEO plugin v27.4 - https:\/\/yoast.com\/product\/yoast-seo-wordpress\/ -->\n<title>Geira and Arrieiros Route breaks new pilgrimage record - Via Lusitana<\/title>\n<meta name=\"robots\" content=\"index, follow, max-snippet:-1, max-image-preview:large, max-video-preview:-1\" \/>\n<link rel=\"canonical\" href=\"https:\/\/www.vialusitana.org\/en\/geira-and-arrieiros-route-breaks-neww-pilgrimage-record\/\" \/>\n<meta property=\"og:locale\" content=\"en_US\" \/>\n<meta property=\"og:type\" content=\"article\" \/>\n<meta property=\"og:title\" content=\"Geira and Arrieiros Route breaks new pilgrimage record - Via Lusitana\" \/>\n<meta property=\"og:description\" content=\"The Geira and Arrieiros Route recorded its best result ever this year, with 692 pilgrims completing the journey \u2014 slightly surpassing last year\u2019s total. According to the Associa\u00e7\u00e3o Transfronteiri\u00e7a do Caminho da Geira e Arrieiros (Transboundary Association that promotes the route), based on data from the Pilgrims\u2019 Office of the Cathedral of Santiago, departures from [&hellip;]\" \/>\n<meta property=\"og:url\" content=\"https:\/\/www.vialusitana.org\/en\/geira-and-arrieiros-route-breaks-neww-pilgrimage-record\/\" \/>\n<meta property=\"og:site_name\" content=\"Via Lusitana\" \/>\n<meta property=\"article:publisher\" content=\"https:\/\/www.facebook.com\/ViaLusitana\" \/>\n<meta property=\"article:published_time\" content=\"2025-10-22T11:06:24+00:00\" \/>\n<meta property=\"article:modified_time\" content=\"2025-10-22T11:41:34+00:00\" \/>\n<meta property=\"og:image\" content=\"https:\/\/www.vialusitana.org\/wp-content\/uploads\/2025\/10\/Caminho-da-Geira-e-dos-Arrieiros.jpg\" \/>\n\t<meta property=\"og:image:width\" content=\"1400\" \/>\n\t<meta property=\"og:image:height\" content=\"800\" \/>\n\t<meta property=\"og:image:type\" content=\"image\/jpeg\" \/>\n<meta name=\"author\" content=\"info@vialusitana.org\" \/>\n<meta name=\"twitter:card\" content=\"summary_large_image\" \/>\n<meta name=\"twitter:label1\" content=\"Written by\" \/>\n\t<meta name=\"twitter:data1\" content=\"info@vialusitana.org\" \/>\n\t<meta name=\"twitter:label2\" content=\"Est. reading time\" \/>\n\t<meta name=\"twitter:data2\" content=\"2 minutes\" \/>\n<script type=\"application\/ld+json\" class=\"yoast-schema-graph\">{\"@context\":\"https:\\\/\\\/schema.org\",\"@graph\":[{\"@type\":\"Article\",\"@id\":\"https:\\\/\\\/www.vialusitana.org\\\/en\\\/geira-and-arrieiros-route-breaks-neww-pilgrimage-record\\\/#article\",\"isPartOf\":{\"@id\":\"https:\\\/\\\/www.vialusitana.org\\\/en\\\/geira-and-arrieiros-route-breaks-neww-pilgrimage-record\\\/\"},\"author\":{\"name\":\"info@vialusitana.org\",\"@id\":\"https:\\\/\\\/www.vialusitana.org\\\/en\\\/#\\\/schema\\\/person\\\/974b0f5fc0d1f06d5bbaab9a6c2d4b7d\"},\"headline\":\"Geira and Arrieiros Route breaks new pilgrimage record\",\"datePublished\":\"2025-10-22T11:06:24+00:00\",\"dateModified\":\"2025-10-22T11:41:34+00:00\",\"mainEntityOfPage\":{\"@id\":\"https:\\\/\\\/www.vialusitana.org\\\/en\\\/geira-and-arrieiros-route-breaks-neww-pilgrimage-record\\\/\"},\"wordCount\":274,\"publisher\":{\"@id\":\"https:\\\/\\\/www.vialusitana.org\\\/en\\\/#organization\"},\"image\":{\"@id\":\"https:\\\/\\\/www.vialusitana.org\\\/en\\\/geira-and-arrieiros-route-breaks-neww-pilgrimage-record\\\/#primaryimage\"},\"thumbnailUrl\":\"https:\\\/\\\/www.vialusitana.org\\\/wp-content\\\/uploads\\\/2025\\\/10\\\/Caminho-da-Geira-e-dos-Arrieiros.jpg\",\"inLanguage\":\"en-US\"},{\"@type\":\"WebPage\",\"@id\":\"https:\\\/\\\/www.vialusitana.org\\\/en\\\/geira-and-arrieiros-route-breaks-neww-pilgrimage-record\\\/\",\"url\":\"https:\\\/\\\/www.vialusitana.org\\\/en\\\/geira-and-arrieiros-route-breaks-neww-pilgrimage-record\\\/\",\"name\":\"Geira and Arrieiros Route breaks new pilgrimage record - Via Lusitana\",\"isPartOf\":{\"@id\":\"https:\\\/\\\/www.vialusitana.org\\\/en\\\/#website\"},\"primaryImageOfPage\":{\"@id\":\"https:\\\/\\\/www.vialusitana.org\\\/en\\\/geira-and-arrieiros-route-breaks-neww-pilgrimage-record\\\/#primaryimage\"},\"image\":{\"@id\":\"https:\\\/\\\/www.vialusitana.org\\\/en\\\/geira-and-arrieiros-route-breaks-neww-pilgrimage-record\\\/#primaryimage\"},\"thumbnailUrl\":\"https:\\\/\\\/www.vialusitana.org\\\/wp-content\\\/uploads\\\/2025\\\/10\\\/Caminho-da-Geira-e-dos-Arrieiros.jpg\",\"datePublished\":\"2025-10-22T11:06:24+00:00\",\"dateModified\":\"2025-10-22T11:41:34+00:00\",\"breadcrumb\":{\"@id\":\"https:\\\/\\\/www.vialusitana.org\\\/en\\\/geira-and-arrieiros-route-breaks-neww-pilgrimage-record\\\/#breadcrumb\"},\"inLanguage\":\"en-US\",\"potentialAction\":[{\"@type\":\"ReadAction\",\"target\":[\"https:\\\/\\\/www.vialusitana.org\\\/en\\\/geira-and-arrieiros-route-breaks-neww-pilgrimage-record\\\/\"]}]},{\"@type\":\"ImageObject\",\"inLanguage\":\"en-US\",\"@id\":\"https:\\\/\\\/www.vialusitana.org\\\/en\\\/geira-and-arrieiros-route-breaks-neww-pilgrimage-record\\\/#primaryimage\",\"url\":\"https:\\\/\\\/www.vialusitana.org\\\/wp-content\\\/uploads\\\/2025\\\/10\\\/Caminho-da-Geira-e-dos-Arrieiros.jpg\",\"contentUrl\":\"https:\\\/\\\/www.vialusitana.org\\\/wp-content\\\/uploads\\\/2025\\\/10\\\/Caminho-da-Geira-e-dos-Arrieiros.jpg\",\"width\":1400,\"height\":800},{\"@type\":\"BreadcrumbList\",\"@id\":\"https:\\\/\\\/www.vialusitana.org\\\/en\\\/geira-and-arrieiros-route-breaks-neww-pilgrimage-record\\\/#breadcrumb\",\"itemListElement\":[{\"@type\":\"ListItem\",\"position\":1,\"name\":\"Home\",\"item\":\"https:\\\/\\\/www.vialusitana.org\\\/en\\\/\"},{\"@type\":\"ListItem\",\"position\":2,\"name\":\"Geira and Arrieiros Route breaks new pilgrimage record\"}]},{\"@type\":\"WebSite\",\"@id\":\"https:\\\/\\\/www.vialusitana.org\\\/en\\\/#website\",\"url\":\"https:\\\/\\\/www.vialusitana.org\\\/en\\\/\",\"name\":\"Via Lusitana\",\"description\":\"\",\"publisher\":{\"@id\":\"https:\\\/\\\/www.vialusitana.org\\\/en\\\/#organization\"},\"potentialAction\":[{\"@type\":\"SearchAction\",\"target\":{\"@type\":\"EntryPoint\",\"urlTemplate\":\"https:\\\/\\\/www.vialusitana.org\\\/en\\\/?s={search_term_string}\"},\"query-input\":{\"@type\":\"PropertyValueSpecification\",\"valueRequired\":true,\"valueName\":\"search_term_string\"}}],\"inLanguage\":\"en-US\"},{\"@type\":\"Organization\",\"@id\":\"https:\\\/\\\/www.vialusitana.org\\\/en\\\/#organization\",\"name\":\"Via Lusitana\",\"url\":\"https:\\\/\\\/www.vialusitana.org\\\/en\\\/\",\"logo\":{\"@type\":\"ImageObject\",\"inLanguage\":\"en-US\",\"@id\":\"https:\\\/\\\/www.vialusitana.org\\\/en\\\/#\\\/schema\\\/logo\\\/image\\\/\",\"url\":\"https:\\\/\\\/www.vialusitana.org\\\/wp-content\\\/uploads\\\/2024\\\/08\\\/apple-touch-icon.png\",\"contentUrl\":\"https:\\\/\\\/www.vialusitana.org\\\/wp-content\\\/uploads\\\/2024\\\/08\\\/apple-touch-icon.png\",\"width\":180,\"height\":180,\"caption\":\"Via Lusitana\"},\"image\":{\"@id\":\"https:\\\/\\\/www.vialusitana.org\\\/en\\\/#\\\/schema\\\/logo\\\/image\\\/\"},\"sameAs\":[\"https:\\\/\\\/www.facebook.com\\\/ViaLusitana\",\"https:\\\/\\\/www.instagram.com\\\/via_lusitana\\\/\"]},{\"@type\":\"Person\",\"@id\":\"https:\\\/\\\/www.vialusitana.org\\\/en\\\/#\\\/schema\\\/person\\\/974b0f5fc0d1f06d5bbaab9a6c2d4b7d\",\"name\":\"info@vialusitana.org\"}]}<\/script>\n<!-- \/ Yoast SEO plugin. -->","yoast_head_json":{"title":"Geira and Arrieiros Route breaks new pilgrimage record - Via Lusitana","robots":{"index":"index","follow":"follow","max-snippet":"max-snippet:-1","max-image-preview":"max-image-preview:large","max-video-preview":"max-video-preview:-1"},"canonical":"https:\/\/www.vialusitana.org\/en\/geira-and-arrieiros-route-breaks-neww-pilgrimage-record\/","og_locale":"en_US","og_type":"article","og_title":"Geira and Arrieiros Route breaks new pilgrimage record - Via Lusitana","og_description":"The Geira and Arrieiros Route recorded its best result ever this year, with 692 pilgrims completing the journey \u2014 slightly surpassing last year\u2019s total. According to the Associa\u00e7\u00e3o Transfronteiri\u00e7a do Caminho da Geira e Arrieiros (Transboundary Association that promotes the route), based on data from the Pilgrims\u2019 Office of the Cathedral of Santiago, departures from [&hellip;]","og_url":"https:\/\/www.vialusitana.org\/en\/geira-and-arrieiros-route-breaks-neww-pilgrimage-record\/","og_site_name":"Via Lusitana","article_publisher":"https:\/\/www.facebook.com\/ViaLusitana","article_published_time":"2025-10-22T11:06:24+00:00","article_modified_time":"2025-10-22T11:41:34+00:00","og_image":[{"width":1400,"height":800,"url":"https:\/\/www.vialusitana.org\/wp-content\/uploads\/2025\/10\/Caminho-da-Geira-e-dos-Arrieiros.jpg","type":"image\/jpeg"}],"author":"info@vialusitana.org","twitter_card":"summary_large_image","twitter_misc":{"Written by":"info@vialusitana.org","Est. reading time":"2 minutes"},"schema":{"@context":"https:\/\/schema.org","@graph":[{"@type":"Article","@id":"https:\/\/www.vialusitana.org\/en\/geira-and-arrieiros-route-breaks-neww-pilgrimage-record\/#article","isPartOf":{"@id":"https:\/\/www.vialusitana.org\/en\/geira-and-arrieiros-route-breaks-neww-pilgrimage-record\/"},"author":{"name":"info@vialusitana.org","@id":"https:\/\/www.vialusitana.org\/en\/#\/schema\/person\/974b0f5fc0d1f06d5bbaab9a6c2d4b7d"},"headline":"Geira and Arrieiros Route breaks new pilgrimage record","datePublished":"2025-10-22T11:06:24+00:00","dateModified":"2025-10-22T11:41:34+00:00","mainEntityOfPage":{"@id":"https:\/\/www.vialusitana.org\/en\/geira-and-arrieiros-route-breaks-neww-pilgrimage-record\/"},"wordCount":274,"publisher":{"@id":"https:\/\/www.vialusitana.org\/en\/#organization"},"image":{"@id":"https:\/\/www.vialusitana.org\/en\/geira-and-arrieiros-route-breaks-neww-pilgrimage-record\/#primaryimage"},"thumbnailUrl":"https:\/\/www.vialusitana.org\/wp-content\/uploads\/2025\/10\/Caminho-da-Geira-e-dos-Arrieiros.jpg","inLanguage":"en-US"},{"@type":"WebPage","@id":"https:\/\/www.vialusitana.org\/en\/geira-and-arrieiros-route-breaks-neww-pilgrimage-record\/","url":"https:\/\/www.vialusitana.org\/en\/geira-and-arrieiros-route-breaks-neww-pilgrimage-record\/","name":"Geira and Arrieiros Route breaks new pilgrimage record - Via Lusitana","isPartOf":{"@id":"https:\/\/www.vialusitana.org\/en\/#website"},"primaryImageOfPage":{"@id":"https:\/\/www.vialusitana.org\/en\/geira-and-arrieiros-route-breaks-neww-pilgrimage-record\/#primaryimage"},"image":{"@id":"https:\/\/www.vialusitana.org\/en\/geira-and-arrieiros-route-breaks-neww-pilgrimage-record\/#primaryimage"},"thumbnailUrl":"https:\/\/www.vialusitana.org\/wp-content\/uploads\/2025\/10\/Caminho-da-Geira-e-dos-Arrieiros.jpg","datePublished":"2025-10-22T11:06:24+00:00","dateModified":"2025-10-22T11:41:34+00:00","breadcrumb":{"@id":"https:\/\/www.vialusitana.org\/en\/geira-and-arrieiros-route-breaks-neww-pilgrimage-record\/#breadcrumb"},"inLanguage":"en-US","potentialAction":[{"@type":"ReadAction","target":["https:\/\/www.vialusitana.org\/en\/geira-and-arrieiros-route-breaks-neww-pilgrimage-record\/"]}]},{"@type":"ImageObject","inLanguage":"en-US","@id":"https:\/\/www.vialusitana.org\/en\/geira-and-arrieiros-route-breaks-neww-pilgrimage-record\/#primaryimage","url":"https:\/\/www.vialusitana.org\/wp-content\/uploads\/2025\/10\/Caminho-da-Geira-e-dos-Arrieiros.jpg","contentUrl":"https:\/\/www.vialusitana.org\/wp-content\/uploads\/2025\/10\/Caminho-da-Geira-e-dos-Arrieiros.jpg","width":1400,"height":800},{"@type":"BreadcrumbList","@id":"https:\/\/www.vialusitana.org\/en\/geira-and-arrieiros-route-breaks-neww-pilgrimage-record\/#breadcrumb","itemListElement":[{"@type":"ListItem","position":1,"name":"Home","item":"https:\/\/www.vialusitana.org\/en\/"},{"@type":"ListItem","position":2,"name":"Geira and Arrieiros Route breaks new pilgrimage record"}]},{"@type":"WebSite","@id":"https:\/\/www.vialusitana.org\/en\/#website","url":"https:\/\/www.vialusitana.org\/en\/","name":"Via Lusitana","description":"","publisher":{"@id":"https:\/\/www.vialusitana.org\/en\/#organization"},"potentialAction":[{"@type":"SearchAction","target":{"@type":"EntryPoint","urlTemplate":"https:\/\/www.vialusitana.org\/en\/?s={search_term_string}"},"query-input":{"@type":"PropertyValueSpecification","valueRequired":true,"valueName":"search_term_string"}}],"inLanguage":"en-US"},{"@type":"Organization","@id":"https:\/\/www.vialusitana.org\/en\/#organization","name":"Via Lusitana","url":"https:\/\/www.vialusitana.org\/en\/","logo":{"@type":"ImageObject","inLanguage":"en-US","@id":"https:\/\/www.vialusitana.org\/en\/#\/schema\/logo\/image\/","url":"https:\/\/www.vialusitana.org\/wp-content\/uploads\/2024\/08\/apple-touch-icon.png","contentUrl":"https:\/\/www.vialusitana.org\/wp-content\/uploads\/2024\/08\/apple-touch-icon.png","width":180,"height":180,"caption":"Via Lusitana"},"image":{"@id":"https:\/\/www.vialusitana.org\/en\/#\/schema\/logo\/image\/"},"sameAs":["https:\/\/www.facebook.com\/ViaLusitana","https:\/\/www.instagram.com\/via_lusitana\/"]},{"@type":"Person","@id":"https:\/\/www.vialusitana.org\/en\/#\/schema\/person\/974b0f5fc0d1f06d5bbaab9a6c2d4b7d","name":"info@vialusitana.org"}]}},"_links":{"self":[{"href":"https:\/\/www.vialusitana.org\/en\/wp-json\/wp\/v2\/posts\/5282","targetHints":{"allow":["GET"]}}],"collection":[{"href":"https:\/\/www.vialusitana.org\/en\/wp-json\/wp\/v2\/posts"}],"about":[{"href":"https:\/\/www.vialusitana.org\/en\/wp-json\/wp\/v2\/types\/post"}],"author":[{"embeddable":true,"href":"https:\/\/www.vialusitana.org\/en\/wp-json\/wp\/v2\/users\/3"}],"replies":[{"embeddable":true,"href":"https:\/\/www.vialusitana.org\/en\/wp-json\/wp\/v2\/comments?post=5282"}],"version-history":[{"count":3,"href":"https:\/\/www.vialusitana.org\/en\/wp-json\/wp\/v2\/posts\/5282\/revisions"}],"predecessor-version":[{"id":5286,"href":"https:\/\/www.vialusitana.org\/en\/wp-json\/wp\/v2\/posts\/5282\/revisions\/5286"}],"wp:featuredmedia":[{"embeddable":true,"href":"https:\/\/www.vialusitana.org\/en\/wp-json\/wp\/v2\/media\/5278"}],"wp:attachment":[{"href":"https:\/\/www.vialusitana.org\/en\/wp-json\/wp\/v2\/media?parent=5282"}],"wp:term":[{"taxonomy":"category","embeddable":true,"href":"https:\/\/www.vialusitana.org\/en\/wp-json\/wp\/v2\/categories?post=5282"},{"taxonomy":"post_tag","embeddable":true,"href":"https:\/\/www.vialusitana.org\/en\/wp-json\/wp\/v2\/tags?post=5282"}],"curies":[{"name":"wp","href":"https:\/\/api.w.org\/{rel}","templated":true}]}}