{"id":4933,"date":"2025-07-18T19:00:49","date_gmt":"2025-07-18T19:00:49","guid":{"rendered":"https:\/\/www.vialusitana.org\/famalicao-convida-voluntarios-para-cuidar-do-caminho\/"},"modified":"2025-07-18T19:15:49","modified_gmt":"2025-07-18T19:15:49","slug":"famalicao-invites-volunteers-to-help-preserve-the-camino","status":"publish","type":"post","link":"https:\/\/www.vialusitana.org\/en\/famalicao-invites-volunteers-to-help-preserve-the-camino\/","title":{"rendered":"Famalic\u00e3o invites volunteers to help preserve the Camino"},"content":{"rendered":"<p data-start=\"420\" data-end=\"768\">Vila Nova de Famalic\u00e3o Municipality will promote, over two consecutive weekends, a <strong>maintenance operation on a stretch of around 20 kilometers of the Camino de Santiago<\/strong> that crosses the municipality. The initiative will take place on <strong>July 19, 20, 26 and 27, always starting at 09:00 AM<\/strong>, and is aimed at all those who wish to help preserve the route.<\/p>\n<p data-start=\"770\" data-end=\"1217\">On the first day, work will take place between Ponte da Lagoncinha and the Church of Cabe\u00e7udos. On July 20, cleaning will be done on the section connecting Quinta da Boamense to the Church of S\u00e3o Tiago de Antas. On July 26, the intervention will take place between the Church of S\u00e3o Tiago de Antas and the Parish Council of Vale S\u00e3o Cosme, concluding on July 27 with maintenance of the route between Vale S\u00e3o Cosme and the Natural Park of Portela.<\/p>\n<p data-start=\"1219\" data-end=\"1519\">Registration is free and can be done online on the official website of the Municipal Volunteering Office of Vila Nova de Famalic\u00e3o, at <a class=\"\" href=\"http:\/\/voluntariado.vilanovadefamalicao.org\/\" target=\"_blank\" rel=\"noopener\" data-start=\"1354\" data-end=\"1446\">http:\/\/voluntariado.vilanovadefamalicao.org\/<\/a>, where all the necessary information for participants is also available.<\/p>\n<p data-start=\"1521\" data-end=\"1977\">The municipality emphasizes that these maintenance actions contribute not only to ensuring better conditions for pilgrims and visitors, but also to strengthening civic involvement and the community\u2019s sense of belonging to the territory. The local strategy has also complemented heritage enhancement with projects that promote local identity and historical memory, ensuring that the route remains accessible, clean and well signposted for all who travel it.<\/p>\n","protected":false},"excerpt":{"rendered":"<p>Vila Nova de Famalic\u00e3o Municipality will promote, over two consecutive weekends, a maintenance operation on a stretch of around 20 kilometers of the Camino de Santiago that crosses the municipality. The initiative will take place on July 19, 20, 26 and 27, always starting at 09:00 AM, and is aimed at all those who wish [&hellip;]<\/p>\n","protected":false},"author":3,"featured_media":4929,"comment_status":"closed","ping_status":"closed","sticky":false,"template":"","format":"standard","meta":{"_acf_changed":false,"footnotes":""},"categories":[4],"tags":[],"class_list":["post-4933","post","type-post","status-publish","format-standard","has-post-thumbnail","hentry","category-uncategorized"],"acf":{"image_1":"","image_2":"","image_3":"","image_4":"","image_5":""},"yoast_head":"<!-- This site is optimized with the Yoast SEO plugin v27.4 - https:\/\/yoast.com\/product\/yoast-seo-wordpress\/ -->\n<title>Famalic\u00e3o invites volunteers to help preserve the Camino - Via Lusitana<\/title>\n<meta name=\"robots\" content=\"index, follow, max-snippet:-1, max-image-preview:large, max-video-preview:-1\" \/>\n<link rel=\"canonical\" href=\"https:\/\/www.vialusitana.org\/en\/famalicao-invites-volunteers-to-help-preserve-the-camino\/\" \/>\n<meta property=\"og:locale\" content=\"en_US\" \/>\n<meta property=\"og:type\" content=\"article\" \/>\n<meta property=\"og:title\" content=\"Famalic\u00e3o invites volunteers to help preserve the Camino - Via Lusitana\" \/>\n<meta property=\"og:description\" content=\"Vila Nova de Famalic\u00e3o Municipality will promote, over two consecutive weekends, a maintenance operation on a stretch of around 20 kilometers of the Camino de Santiago that crosses the municipality. The initiative will take place on July 19, 20, 26 and 27, always starting at 09:00 AM, and is aimed at all those who wish [&hellip;]\" \/>\n<meta property=\"og:url\" content=\"https:\/\/www.vialusitana.org\/en\/famalicao-invites-volunteers-to-help-preserve-the-camino\/\" \/>\n<meta property=\"og:site_name\" content=\"Via Lusitana\" \/>\n<meta property=\"article:publisher\" content=\"https:\/\/www.facebook.com\/ViaLusitana\" \/>\n<meta property=\"article:published_time\" content=\"2025-07-18T19:00:49+00:00\" \/>\n<meta property=\"article:modified_time\" content=\"2025-07-18T19:15:49+00:00\" \/>\n<meta property=\"og:image\" content=\"https:\/\/www.vialusitana.org\/wp-content\/uploads\/2025\/07\/nature-rubbish-girl-collecting-bag.jpg\" \/>\n\t<meta property=\"og:image:width\" content=\"900\" \/>\n\t<meta property=\"og:image:height\" content=\"600\" \/>\n\t<meta property=\"og:image:type\" content=\"image\/jpeg\" \/>\n<meta name=\"author\" content=\"info@vialusitana.org\" \/>\n<meta name=\"twitter:card\" content=\"summary_large_image\" \/>\n<meta name=\"twitter:label1\" content=\"Written by\" \/>\n\t<meta name=\"twitter:data1\" content=\"info@vialusitana.org\" \/>\n\t<meta name=\"twitter:label2\" content=\"Est. reading time\" \/>\n\t<meta name=\"twitter:data2\" content=\"2 minutes\" \/>\n<script type=\"application\/ld+json\" class=\"yoast-schema-graph\">{\"@context\":\"https:\\\/\\\/schema.org\",\"@graph\":[{\"@type\":\"Article\",\"@id\":\"https:\\\/\\\/www.vialusitana.org\\\/en\\\/famalicao-invites-volunteers-to-help-preserve-the-camino\\\/#article\",\"isPartOf\":{\"@id\":\"https:\\\/\\\/www.vialusitana.org\\\/en\\\/famalicao-invites-volunteers-to-help-preserve-the-camino\\\/\"},\"author\":{\"name\":\"info@vialusitana.org\",\"@id\":\"https:\\\/\\\/www.vialusitana.org\\\/en\\\/#\\\/schema\\\/person\\\/974b0f5fc0d1f06d5bbaab9a6c2d4b7d\"},\"headline\":\"Famalic\u00e3o invites volunteers to help preserve the Camino\",\"datePublished\":\"2025-07-18T19:00:49+00:00\",\"dateModified\":\"2025-07-18T19:15:49+00:00\",\"mainEntityOfPage\":{\"@id\":\"https:\\\/\\\/www.vialusitana.org\\\/en\\\/famalicao-invites-volunteers-to-help-preserve-the-camino\\\/\"},\"wordCount\":252,\"publisher\":{\"@id\":\"https:\\\/\\\/www.vialusitana.org\\\/en\\\/#organization\"},\"image\":{\"@id\":\"https:\\\/\\\/www.vialusitana.org\\\/en\\\/famalicao-invites-volunteers-to-help-preserve-the-camino\\\/#primaryimage\"},\"thumbnailUrl\":\"https:\\\/\\\/www.vialusitana.org\\\/wp-content\\\/uploads\\\/2025\\\/07\\\/nature-rubbish-girl-collecting-bag.jpg\",\"inLanguage\":\"en-US\"},{\"@type\":\"WebPage\",\"@id\":\"https:\\\/\\\/www.vialusitana.org\\\/en\\\/famalicao-invites-volunteers-to-help-preserve-the-camino\\\/\",\"url\":\"https:\\\/\\\/www.vialusitana.org\\\/en\\\/famalicao-invites-volunteers-to-help-preserve-the-camino\\\/\",\"name\":\"Famalic\u00e3o invites volunteers to help preserve the Camino - Via Lusitana\",\"isPartOf\":{\"@id\":\"https:\\\/\\\/www.vialusitana.org\\\/en\\\/#website\"},\"primaryImageOfPage\":{\"@id\":\"https:\\\/\\\/www.vialusitana.org\\\/en\\\/famalicao-invites-volunteers-to-help-preserve-the-camino\\\/#primaryimage\"},\"image\":{\"@id\":\"https:\\\/\\\/www.vialusitana.org\\\/en\\\/famalicao-invites-volunteers-to-help-preserve-the-camino\\\/#primaryimage\"},\"thumbnailUrl\":\"https:\\\/\\\/www.vialusitana.org\\\/wp-content\\\/uploads\\\/2025\\\/07\\\/nature-rubbish-girl-collecting-bag.jpg\",\"datePublished\":\"2025-07-18T19:00:49+00:00\",\"dateModified\":\"2025-07-18T19:15:49+00:00\",\"breadcrumb\":{\"@id\":\"https:\\\/\\\/www.vialusitana.org\\\/en\\\/famalicao-invites-volunteers-to-help-preserve-the-camino\\\/#breadcrumb\"},\"inLanguage\":\"en-US\",\"potentialAction\":[{\"@type\":\"ReadAction\",\"target\":[\"https:\\\/\\\/www.vialusitana.org\\\/en\\\/famalicao-invites-volunteers-to-help-preserve-the-camino\\\/\"]}]},{\"@type\":\"ImageObject\",\"inLanguage\":\"en-US\",\"@id\":\"https:\\\/\\\/www.vialusitana.org\\\/en\\\/famalicao-invites-volunteers-to-help-preserve-the-camino\\\/#primaryimage\",\"url\":\"https:\\\/\\\/www.vialusitana.org\\\/wp-content\\\/uploads\\\/2025\\\/07\\\/nature-rubbish-girl-collecting-bag.jpg\",\"contentUrl\":\"https:\\\/\\\/www.vialusitana.org\\\/wp-content\\\/uploads\\\/2025\\\/07\\\/nature-rubbish-girl-collecting-bag.jpg\",\"width\":900,\"height\":600},{\"@type\":\"BreadcrumbList\",\"@id\":\"https:\\\/\\\/www.vialusitana.org\\\/en\\\/famalicao-invites-volunteers-to-help-preserve-the-camino\\\/#breadcrumb\",\"itemListElement\":[{\"@type\":\"ListItem\",\"position\":1,\"name\":\"Home\",\"item\":\"https:\\\/\\\/www.vialusitana.org\\\/en\\\/\"},{\"@type\":\"ListItem\",\"position\":2,\"name\":\"Famalic\u00e3o invites volunteers to help preserve the Camino\"}]},{\"@type\":\"WebSite\",\"@id\":\"https:\\\/\\\/www.vialusitana.org\\\/en\\\/#website\",\"url\":\"https:\\\/\\\/www.vialusitana.org\\\/en\\\/\",\"name\":\"Via Lusitana\",\"description\":\"\",\"publisher\":{\"@id\":\"https:\\\/\\\/www.vialusitana.org\\\/en\\\/#organization\"},\"potentialAction\":[{\"@type\":\"SearchAction\",\"target\":{\"@type\":\"EntryPoint\",\"urlTemplate\":\"https:\\\/\\\/www.vialusitana.org\\\/en\\\/?s={search_term_string}\"},\"query-input\":{\"@type\":\"PropertyValueSpecification\",\"valueRequired\":true,\"valueName\":\"search_term_string\"}}],\"inLanguage\":\"en-US\"},{\"@type\":\"Organization\",\"@id\":\"https:\\\/\\\/www.vialusitana.org\\\/en\\\/#organization\",\"name\":\"Via Lusitana\",\"url\":\"https:\\\/\\\/www.vialusitana.org\\\/en\\\/\",\"logo\":{\"@type\":\"ImageObject\",\"inLanguage\":\"en-US\",\"@id\":\"https:\\\/\\\/www.vialusitana.org\\\/en\\\/#\\\/schema\\\/logo\\\/image\\\/\",\"url\":\"https:\\\/\\\/www.vialusitana.org\\\/wp-content\\\/uploads\\\/2024\\\/08\\\/apple-touch-icon.png\",\"contentUrl\":\"https:\\\/\\\/www.vialusitana.org\\\/wp-content\\\/uploads\\\/2024\\\/08\\\/apple-touch-icon.png\",\"width\":180,\"height\":180,\"caption\":\"Via Lusitana\"},\"image\":{\"@id\":\"https:\\\/\\\/www.vialusitana.org\\\/en\\\/#\\\/schema\\\/logo\\\/image\\\/\"},\"sameAs\":[\"https:\\\/\\\/www.facebook.com\\\/ViaLusitana\",\"https:\\\/\\\/www.instagram.com\\\/via_lusitana\\\/\"]},{\"@type\":\"Person\",\"@id\":\"https:\\\/\\\/www.vialusitana.org\\\/en\\\/#\\\/schema\\\/person\\\/974b0f5fc0d1f06d5bbaab9a6c2d4b7d\",\"name\":\"info@vialusitana.org\"}]}<\/script>\n<!-- \/ Yoast SEO plugin. -->","yoast_head_json":{"title":"Famalic\u00e3o invites volunteers to help preserve the Camino - Via Lusitana","robots":{"index":"index","follow":"follow","max-snippet":"max-snippet:-1","max-image-preview":"max-image-preview:large","max-video-preview":"max-video-preview:-1"},"canonical":"https:\/\/www.vialusitana.org\/en\/famalicao-invites-volunteers-to-help-preserve-the-camino\/","og_locale":"en_US","og_type":"article","og_title":"Famalic\u00e3o invites volunteers to help preserve the Camino - Via Lusitana","og_description":"Vila Nova de Famalic\u00e3o Municipality will promote, over two consecutive weekends, a maintenance operation on a stretch of around 20 kilometers of the Camino de Santiago that crosses the municipality. The initiative will take place on July 19, 20, 26 and 27, always starting at 09:00 AM, and is aimed at all those who wish [&hellip;]","og_url":"https:\/\/www.vialusitana.org\/en\/famalicao-invites-volunteers-to-help-preserve-the-camino\/","og_site_name":"Via Lusitana","article_publisher":"https:\/\/www.facebook.com\/ViaLusitana","article_published_time":"2025-07-18T19:00:49+00:00","article_modified_time":"2025-07-18T19:15:49+00:00","og_image":[{"width":900,"height":600,"url":"https:\/\/www.vialusitana.org\/wp-content\/uploads\/2025\/07\/nature-rubbish-girl-collecting-bag.jpg","type":"image\/jpeg"}],"author":"info@vialusitana.org","twitter_card":"summary_large_image","twitter_misc":{"Written by":"info@vialusitana.org","Est. reading time":"2 minutes"},"schema":{"@context":"https:\/\/schema.org","@graph":[{"@type":"Article","@id":"https:\/\/www.vialusitana.org\/en\/famalicao-invites-volunteers-to-help-preserve-the-camino\/#article","isPartOf":{"@id":"https:\/\/www.vialusitana.org\/en\/famalicao-invites-volunteers-to-help-preserve-the-camino\/"},"author":{"name":"info@vialusitana.org","@id":"https:\/\/www.vialusitana.org\/en\/#\/schema\/person\/974b0f5fc0d1f06d5bbaab9a6c2d4b7d"},"headline":"Famalic\u00e3o invites volunteers to help preserve the Camino","datePublished":"2025-07-18T19:00:49+00:00","dateModified":"2025-07-18T19:15:49+00:00","mainEntityOfPage":{"@id":"https:\/\/www.vialusitana.org\/en\/famalicao-invites-volunteers-to-help-preserve-the-camino\/"},"wordCount":252,"publisher":{"@id":"https:\/\/www.vialusitana.org\/en\/#organization"},"image":{"@id":"https:\/\/www.vialusitana.org\/en\/famalicao-invites-volunteers-to-help-preserve-the-camino\/#primaryimage"},"thumbnailUrl":"https:\/\/www.vialusitana.org\/wp-content\/uploads\/2025\/07\/nature-rubbish-girl-collecting-bag.jpg","inLanguage":"en-US"},{"@type":"WebPage","@id":"https:\/\/www.vialusitana.org\/en\/famalicao-invites-volunteers-to-help-preserve-the-camino\/","url":"https:\/\/www.vialusitana.org\/en\/famalicao-invites-volunteers-to-help-preserve-the-camino\/","name":"Famalic\u00e3o invites volunteers to help preserve the Camino - Via Lusitana","isPartOf":{"@id":"https:\/\/www.vialusitana.org\/en\/#website"},"primaryImageOfPage":{"@id":"https:\/\/www.vialusitana.org\/en\/famalicao-invites-volunteers-to-help-preserve-the-camino\/#primaryimage"},"image":{"@id":"https:\/\/www.vialusitana.org\/en\/famalicao-invites-volunteers-to-help-preserve-the-camino\/#primaryimage"},"thumbnailUrl":"https:\/\/www.vialusitana.org\/wp-content\/uploads\/2025\/07\/nature-rubbish-girl-collecting-bag.jpg","datePublished":"2025-07-18T19:00:49+00:00","dateModified":"2025-07-18T19:15:49+00:00","breadcrumb":{"@id":"https:\/\/www.vialusitana.org\/en\/famalicao-invites-volunteers-to-help-preserve-the-camino\/#breadcrumb"},"inLanguage":"en-US","potentialAction":[{"@type":"ReadAction","target":["https:\/\/www.vialusitana.org\/en\/famalicao-invites-volunteers-to-help-preserve-the-camino\/"]}]},{"@type":"ImageObject","inLanguage":"en-US","@id":"https:\/\/www.vialusitana.org\/en\/famalicao-invites-volunteers-to-help-preserve-the-camino\/#primaryimage","url":"https:\/\/www.vialusitana.org\/wp-content\/uploads\/2025\/07\/nature-rubbish-girl-collecting-bag.jpg","contentUrl":"https:\/\/www.vialusitana.org\/wp-content\/uploads\/2025\/07\/nature-rubbish-girl-collecting-bag.jpg","width":900,"height":600},{"@type":"BreadcrumbList","@id":"https:\/\/www.vialusitana.org\/en\/famalicao-invites-volunteers-to-help-preserve-the-camino\/#breadcrumb","itemListElement":[{"@type":"ListItem","position":1,"name":"Home","item":"https:\/\/www.vialusitana.org\/en\/"},{"@type":"ListItem","position":2,"name":"Famalic\u00e3o invites volunteers to help preserve the Camino"}]},{"@type":"WebSite","@id":"https:\/\/www.vialusitana.org\/en\/#website","url":"https:\/\/www.vialusitana.org\/en\/","name":"Via Lusitana","description":"","publisher":{"@id":"https:\/\/www.vialusitana.org\/en\/#organization"},"potentialAction":[{"@type":"SearchAction","target":{"@type":"EntryPoint","urlTemplate":"https:\/\/www.vialusitana.org\/en\/?s={search_term_string}"},"query-input":{"@type":"PropertyValueSpecification","valueRequired":true,"valueName":"search_term_string"}}],"inLanguage":"en-US"},{"@type":"Organization","@id":"https:\/\/www.vialusitana.org\/en\/#organization","name":"Via Lusitana","url":"https:\/\/www.vialusitana.org\/en\/","logo":{"@type":"ImageObject","inLanguage":"en-US","@id":"https:\/\/www.vialusitana.org\/en\/#\/schema\/logo\/image\/","url":"https:\/\/www.vialusitana.org\/wp-content\/uploads\/2024\/08\/apple-touch-icon.png","contentUrl":"https:\/\/www.vialusitana.org\/wp-content\/uploads\/2024\/08\/apple-touch-icon.png","width":180,"height":180,"caption":"Via Lusitana"},"image":{"@id":"https:\/\/www.vialusitana.org\/en\/#\/schema\/logo\/image\/"},"sameAs":["https:\/\/www.facebook.com\/ViaLusitana","https:\/\/www.instagram.com\/via_lusitana\/"]},{"@type":"Person","@id":"https:\/\/www.vialusitana.org\/en\/#\/schema\/person\/974b0f5fc0d1f06d5bbaab9a6c2d4b7d","name":"info@vialusitana.org"}]}},"_links":{"self":[{"href":"https:\/\/www.vialusitana.org\/en\/wp-json\/wp\/v2\/posts\/4933","targetHints":{"allow":["GET"]}}],"collection":[{"href":"https:\/\/www.vialusitana.org\/en\/wp-json\/wp\/v2\/posts"}],"about":[{"href":"https:\/\/www.vialusitana.org\/en\/wp-json\/wp\/v2\/types\/post"}],"author":[{"embeddable":true,"href":"https:\/\/www.vialusitana.org\/en\/wp-json\/wp\/v2\/users\/3"}],"replies":[{"embeddable":true,"href":"https:\/\/www.vialusitana.org\/en\/wp-json\/wp\/v2\/comments?post=4933"}],"version-history":[{"count":2,"href":"https:\/\/www.vialusitana.org\/en\/wp-json\/wp\/v2\/posts\/4933\/revisions"}],"predecessor-version":[{"id":4935,"href":"https:\/\/www.vialusitana.org\/en\/wp-json\/wp\/v2\/posts\/4933\/revisions\/4935"}],"wp:featuredmedia":[{"embeddable":true,"href":"https:\/\/www.vialusitana.org\/en\/wp-json\/wp\/v2\/media\/4929"}],"wp:attachment":[{"href":"https:\/\/www.vialusitana.org\/en\/wp-json\/wp\/v2\/media?parent=4933"}],"wp:term":[{"taxonomy":"category","embeddable":true,"href":"https:\/\/www.vialusitana.org\/en\/wp-json\/wp\/v2\/categories?post=4933"},{"taxonomy":"post_tag","embeddable":true,"href":"https:\/\/www.vialusitana.org\/en\/wp-json\/wp\/v2\/tags?post=4933"}],"curies":[{"name":"wp","href":"https:\/\/api.w.org\/{rel}","templated":true}]}}