{"id":4751,"date":"2025-06-03T22:08:13","date_gmt":"2025-06-03T22:08:13","guid":{"rendered":"https:\/\/www.vialusitana.org\/sabado-a-sabado-ate-santiago\/"},"modified":"2025-06-03T22:19:23","modified_gmt":"2025-06-03T22:19:23","slug":"saturday-by-saturday-to-santiago","status":"publish","type":"post","link":"https:\/\/www.vialusitana.org\/en\/saturday-by-saturday-to-santiago\/","title":{"rendered":"Saturday by Saturday, to Santiago"},"content":{"rendered":"<article class=\"text-token-text-primary w-full\" dir=\"auto\" data-testid=\"conversation-turn-38\" data-scroll-anchor=\"false\">\n<div class=\"text-base my-auto mx-auto py-5 [--thread-content-margin:--spacing(4)] @[37rem]:[--thread-content-margin:--spacing(6)] @[72rem]:[--thread-content-margin:--spacing(16)] px-(--thread-content-margin)\">\n<div class=\"[--thread-content-max-width:32rem] @[34rem]:[--thread-content-max-width:40rem] @[64rem]:[--thread-content-max-width:48rem] mx-auto flex max-w-(--thread-content-max-width) flex-1 text-base gap-4 md:gap-5 lg:gap-6 group\/turn-messages focus-visible:outline-hidden\" tabindex=\"-1\">\n<div class=\"group\/conversation-turn relative flex w-full min-w-0 flex-col agent-turn\">\n<div class=\"relative flex-col gap-1 md:gap-3\">\n<div class=\"flex max-w-full flex-col grow\">\n<div class=\"min-h-8 text-message relative flex w-full flex-col items-end gap-2 text-start break-words whitespace-normal [.text-message+&amp;]:mt-5\" dir=\"auto\" data-message-author-role=\"assistant\" data-message-id=\"4ce681e2-b47a-4960-b3c7-8df83c4f4b82\" data-message-model-slug=\"gpt-4o\">\n<div class=\"flex w-full flex-col gap-1 empty:hidden first:pt-[3px]\">\n<div class=\"markdown prose dark:prose-invert w-full break-words light\">\n<p data-start=\"152\" data-end=\"650\">Saturday is the chosen day to move forward, week by week, towards Santiago de Compostela. The<strong> AACPS \u2013 Associa\u00e7\u00e3o dos Amigos do Caminho Portugu\u00eas de Santiago (Association of Friends of the Portuguese Camino de Santiago) has opened registrations for a series of organised walks along the Portuguese Central Camino \u2013 Porto and North, starting at the Cathedral of Porto and ending in Santiago de Compostela. The initiative takes place during June and July 2025, spread over eight consecutive Saturdays.<\/strong><\/p>\n<p data-start=\"652\" data-end=\"1070\">The route in Portuguese territory begins on 7 June, linking the Cathedral of Porto to the Monastery of Vair\u00e3o, in Vila do Conde, a 27-kilometre walk. This is followed by the stages from the Monastery of Vair\u00e3o to the Main Church of Barcelos (14 June, 29 km), from Barcelos to the Museu dos Terceiros in Ponte de Lima (21 June, 33 km), and from Ponte de Lima to the Albergue of S. Teot\u00f3nio, in Valen\u00e7a (28 June, 36 km).<\/p>\n<p data-start=\"1072\" data-end=\"1383\">In Galicia, the group resumes walking on 5 July, from Valen\u00e7a to the Albergue Casa da Torre in Redondela (36 km). On 12 July, the route continues to the Lavadoiro de San Amaro in Barro (30 km), then to the Iglesia de Santiago in Padr\u00f3n (19 July, 31 km), and finally to Santiago de Compostela on 26 July (26 km).<\/p>\n<p data-start=\"1385\" data-end=\"1888\">Each stage includes a light meal and transport back to the starting point \u2014 or to Valen\u00e7a, in the case of the Galician stages. <strong>Registrations are limited to 50 participants per Saturday and close on the Monday before each walk<\/strong>. The registration form is available <a href=\"https:\/\/docs.google.com\/forms\/d\/e\/1FAIpQLSfbiOhAz5jJPo5f_wW43PWwUXakIDHmHeqMwjhf8fwwxyFEOw\/viewform\" target=\"_blank\" rel=\"noopener\">here<\/a>, and the place is only secured after payment of the corresponding fee: 10 euros per stage in Portugal and 20 euros per stage in Galicia. After registering, participants should wait to be contacted by the organisers with payment details.<\/p>\n<p data-start=\"1890\" data-end=\"2059\" data-is-last-node=\"\" data-is-only-node=\"\">Further information can be requested by email: <a class=\"cursor-pointer\" href=\"mailto:acps@caminhoportuguesdesantiago.com\" rel=\"noopener\" data-start=\"1937\" data-end=\"1972\">acps@caminhoportuguesdesantiago.com<\/a>, by phone: <a href=\"tel:+351258900600\">+351 258 900 600<\/a>, or via Facebook at <a class=\"\" href=\"https:\/\/www.facebook.com\/AACPSantiago\" target=\"_new\" rel=\"noopener\" data-start=\"2021\" data-end=\"2058\">https:\/\/www.facebook.com\/AACPSantiago<\/a>.<\/p>\n<\/div>\n<\/div>\n<\/div>\n<\/div>\n<\/div>\n<\/div>\n<\/div>\n<\/div>\n<\/article>\n","protected":false},"excerpt":{"rendered":"<p>Saturday is the chosen day to move forward, week by week, towards Santiago de Compostela. The AACPS \u2013 Associa\u00e7\u00e3o dos Amigos do Caminho Portugu\u00eas de Santiago (Association of Friends of the Portuguese Camino de Santiago) has opened registrations for a series of organised walks along the Portuguese Central Camino \u2013 Porto and North, starting at [&hellip;]<\/p>\n","protected":false},"author":3,"featured_media":4747,"comment_status":"closed","ping_status":"closed","sticky":false,"template":"","format":"standard","meta":{"_acf_changed":false,"footnotes":""},"categories":[4],"tags":[],"class_list":["post-4751","post","type-post","status-publish","format-standard","has-post-thumbnail","hentry","category-uncategorized"],"acf":{"image_1":"","image_2":"","image_3":"","image_4":"","image_5":""},"yoast_head":"<!-- This site is optimized with the Yoast SEO plugin v27.4 - https:\/\/yoast.com\/product\/yoast-seo-wordpress\/ -->\n<title>Saturday by Saturday, to Santiago - Via Lusitana<\/title>\n<meta name=\"robots\" content=\"index, follow, max-snippet:-1, max-image-preview:large, max-video-preview:-1\" \/>\n<link rel=\"canonical\" href=\"https:\/\/www.vialusitana.org\/en\/saturday-by-saturday-to-santiago\/\" \/>\n<meta property=\"og:locale\" content=\"en_US\" \/>\n<meta property=\"og:type\" content=\"article\" \/>\n<meta property=\"og:title\" content=\"Saturday by Saturday, to Santiago - Via Lusitana\" \/>\n<meta property=\"og:description\" content=\"Saturday is the chosen day to move forward, week by week, towards Santiago de Compostela. The AACPS \u2013 Associa\u00e7\u00e3o dos Amigos do Caminho Portugu\u00eas de Santiago (Association of Friends of the Portuguese Camino de Santiago) has opened registrations for a series of organised walks along the Portuguese Central Camino \u2013 Porto and North, starting at [&hellip;]\" \/>\n<meta property=\"og:url\" content=\"https:\/\/www.vialusitana.org\/en\/saturday-by-saturday-to-santiago\/\" \/>\n<meta property=\"og:site_name\" content=\"Via Lusitana\" \/>\n<meta property=\"article:publisher\" content=\"https:\/\/www.facebook.com\/ViaLusitana\" \/>\n<meta property=\"article:published_time\" content=\"2025-06-03T22:08:13+00:00\" \/>\n<meta property=\"article:modified_time\" content=\"2025-06-03T22:19:23+00:00\" \/>\n<meta property=\"og:image\" content=\"https:\/\/www.vialusitana.org\/wp-content\/uploads\/2025\/06\/sss.jpg\" \/>\n\t<meta property=\"og:image:width\" content=\"1100\" \/>\n\t<meta property=\"og:image:height\" content=\"737\" \/>\n\t<meta property=\"og:image:type\" content=\"image\/jpeg\" \/>\n<meta name=\"author\" content=\"info@vialusitana.org\" \/>\n<meta name=\"twitter:card\" content=\"summary_large_image\" \/>\n<meta name=\"twitter:label1\" content=\"Written by\" \/>\n\t<meta name=\"twitter:data1\" content=\"info@vialusitana.org\" \/>\n\t<meta name=\"twitter:label2\" content=\"Est. reading time\" \/>\n\t<meta name=\"twitter:data2\" content=\"2 minutes\" \/>\n<script type=\"application\/ld+json\" class=\"yoast-schema-graph\">{\"@context\":\"https:\\\/\\\/schema.org\",\"@graph\":[{\"@type\":\"Article\",\"@id\":\"https:\\\/\\\/www.vialusitana.org\\\/en\\\/saturday-by-saturday-to-santiago\\\/#article\",\"isPartOf\":{\"@id\":\"https:\\\/\\\/www.vialusitana.org\\\/en\\\/saturday-by-saturday-to-santiago\\\/\"},\"author\":{\"name\":\"info@vialusitana.org\",\"@id\":\"https:\\\/\\\/www.vialusitana.org\\\/en\\\/#\\\/schema\\\/person\\\/974b0f5fc0d1f06d5bbaab9a6c2d4b7d\"},\"headline\":\"Saturday by Saturday, to Santiago\",\"datePublished\":\"2025-06-03T22:08:13+00:00\",\"dateModified\":\"2025-06-03T22:19:23+00:00\",\"mainEntityOfPage\":{\"@id\":\"https:\\\/\\\/www.vialusitana.org\\\/en\\\/saturday-by-saturday-to-santiago\\\/\"},\"wordCount\":316,\"publisher\":{\"@id\":\"https:\\\/\\\/www.vialusitana.org\\\/en\\\/#organization\"},\"image\":{\"@id\":\"https:\\\/\\\/www.vialusitana.org\\\/en\\\/saturday-by-saturday-to-santiago\\\/#primaryimage\"},\"thumbnailUrl\":\"https:\\\/\\\/www.vialusitana.org\\\/wp-content\\\/uploads\\\/2025\\\/06\\\/sss.jpg\",\"inLanguage\":\"en-US\"},{\"@type\":\"WebPage\",\"@id\":\"https:\\\/\\\/www.vialusitana.org\\\/en\\\/saturday-by-saturday-to-santiago\\\/\",\"url\":\"https:\\\/\\\/www.vialusitana.org\\\/en\\\/saturday-by-saturday-to-santiago\\\/\",\"name\":\"Saturday by Saturday, to Santiago - Via Lusitana\",\"isPartOf\":{\"@id\":\"https:\\\/\\\/www.vialusitana.org\\\/en\\\/#website\"},\"primaryImageOfPage\":{\"@id\":\"https:\\\/\\\/www.vialusitana.org\\\/en\\\/saturday-by-saturday-to-santiago\\\/#primaryimage\"},\"image\":{\"@id\":\"https:\\\/\\\/www.vialusitana.org\\\/en\\\/saturday-by-saturday-to-santiago\\\/#primaryimage\"},\"thumbnailUrl\":\"https:\\\/\\\/www.vialusitana.org\\\/wp-content\\\/uploads\\\/2025\\\/06\\\/sss.jpg\",\"datePublished\":\"2025-06-03T22:08:13+00:00\",\"dateModified\":\"2025-06-03T22:19:23+00:00\",\"breadcrumb\":{\"@id\":\"https:\\\/\\\/www.vialusitana.org\\\/en\\\/saturday-by-saturday-to-santiago\\\/#breadcrumb\"},\"inLanguage\":\"en-US\",\"potentialAction\":[{\"@type\":\"ReadAction\",\"target\":[\"https:\\\/\\\/www.vialusitana.org\\\/en\\\/saturday-by-saturday-to-santiago\\\/\"]}]},{\"@type\":\"ImageObject\",\"inLanguage\":\"en-US\",\"@id\":\"https:\\\/\\\/www.vialusitana.org\\\/en\\\/saturday-by-saturday-to-santiago\\\/#primaryimage\",\"url\":\"https:\\\/\\\/www.vialusitana.org\\\/wp-content\\\/uploads\\\/2025\\\/06\\\/sss.jpg\",\"contentUrl\":\"https:\\\/\\\/www.vialusitana.org\\\/wp-content\\\/uploads\\\/2025\\\/06\\\/sss.jpg\",\"width\":1100,\"height\":737},{\"@type\":\"BreadcrumbList\",\"@id\":\"https:\\\/\\\/www.vialusitana.org\\\/en\\\/saturday-by-saturday-to-santiago\\\/#breadcrumb\",\"itemListElement\":[{\"@type\":\"ListItem\",\"position\":1,\"name\":\"Home\",\"item\":\"https:\\\/\\\/www.vialusitana.org\\\/en\\\/\"},{\"@type\":\"ListItem\",\"position\":2,\"name\":\"Saturday by Saturday, to Santiago\"}]},{\"@type\":\"WebSite\",\"@id\":\"https:\\\/\\\/www.vialusitana.org\\\/en\\\/#website\",\"url\":\"https:\\\/\\\/www.vialusitana.org\\\/en\\\/\",\"name\":\"Via Lusitana\",\"description\":\"\",\"publisher\":{\"@id\":\"https:\\\/\\\/www.vialusitana.org\\\/en\\\/#organization\"},\"potentialAction\":[{\"@type\":\"SearchAction\",\"target\":{\"@type\":\"EntryPoint\",\"urlTemplate\":\"https:\\\/\\\/www.vialusitana.org\\\/en\\\/?s={search_term_string}\"},\"query-input\":{\"@type\":\"PropertyValueSpecification\",\"valueRequired\":true,\"valueName\":\"search_term_string\"}}],\"inLanguage\":\"en-US\"},{\"@type\":\"Organization\",\"@id\":\"https:\\\/\\\/www.vialusitana.org\\\/en\\\/#organization\",\"name\":\"Via Lusitana\",\"url\":\"https:\\\/\\\/www.vialusitana.org\\\/en\\\/\",\"logo\":{\"@type\":\"ImageObject\",\"inLanguage\":\"en-US\",\"@id\":\"https:\\\/\\\/www.vialusitana.org\\\/en\\\/#\\\/schema\\\/logo\\\/image\\\/\",\"url\":\"https:\\\/\\\/www.vialusitana.org\\\/wp-content\\\/uploads\\\/2024\\\/08\\\/apple-touch-icon.png\",\"contentUrl\":\"https:\\\/\\\/www.vialusitana.org\\\/wp-content\\\/uploads\\\/2024\\\/08\\\/apple-touch-icon.png\",\"width\":180,\"height\":180,\"caption\":\"Via Lusitana\"},\"image\":{\"@id\":\"https:\\\/\\\/www.vialusitana.org\\\/en\\\/#\\\/schema\\\/logo\\\/image\\\/\"},\"sameAs\":[\"https:\\\/\\\/www.facebook.com\\\/ViaLusitana\",\"https:\\\/\\\/www.instagram.com\\\/via_lusitana\\\/\"]},{\"@type\":\"Person\",\"@id\":\"https:\\\/\\\/www.vialusitana.org\\\/en\\\/#\\\/schema\\\/person\\\/974b0f5fc0d1f06d5bbaab9a6c2d4b7d\",\"name\":\"info@vialusitana.org\"}]}<\/script>\n<!-- \/ Yoast SEO plugin. -->","yoast_head_json":{"title":"Saturday by Saturday, to Santiago - Via Lusitana","robots":{"index":"index","follow":"follow","max-snippet":"max-snippet:-1","max-image-preview":"max-image-preview:large","max-video-preview":"max-video-preview:-1"},"canonical":"https:\/\/www.vialusitana.org\/en\/saturday-by-saturday-to-santiago\/","og_locale":"en_US","og_type":"article","og_title":"Saturday by Saturday, to Santiago - Via Lusitana","og_description":"Saturday is the chosen day to move forward, week by week, towards Santiago de Compostela. The AACPS \u2013 Associa\u00e7\u00e3o dos Amigos do Caminho Portugu\u00eas de Santiago (Association of Friends of the Portuguese Camino de Santiago) has opened registrations for a series of organised walks along the Portuguese Central Camino \u2013 Porto and North, starting at [&hellip;]","og_url":"https:\/\/www.vialusitana.org\/en\/saturday-by-saturday-to-santiago\/","og_site_name":"Via Lusitana","article_publisher":"https:\/\/www.facebook.com\/ViaLusitana","article_published_time":"2025-06-03T22:08:13+00:00","article_modified_time":"2025-06-03T22:19:23+00:00","og_image":[{"width":1100,"height":737,"url":"https:\/\/www.vialusitana.org\/wp-content\/uploads\/2025\/06\/sss.jpg","type":"image\/jpeg"}],"author":"info@vialusitana.org","twitter_card":"summary_large_image","twitter_misc":{"Written by":"info@vialusitana.org","Est. reading time":"2 minutes"},"schema":{"@context":"https:\/\/schema.org","@graph":[{"@type":"Article","@id":"https:\/\/www.vialusitana.org\/en\/saturday-by-saturday-to-santiago\/#article","isPartOf":{"@id":"https:\/\/www.vialusitana.org\/en\/saturday-by-saturday-to-santiago\/"},"author":{"name":"info@vialusitana.org","@id":"https:\/\/www.vialusitana.org\/en\/#\/schema\/person\/974b0f5fc0d1f06d5bbaab9a6c2d4b7d"},"headline":"Saturday by Saturday, to Santiago","datePublished":"2025-06-03T22:08:13+00:00","dateModified":"2025-06-03T22:19:23+00:00","mainEntityOfPage":{"@id":"https:\/\/www.vialusitana.org\/en\/saturday-by-saturday-to-santiago\/"},"wordCount":316,"publisher":{"@id":"https:\/\/www.vialusitana.org\/en\/#organization"},"image":{"@id":"https:\/\/www.vialusitana.org\/en\/saturday-by-saturday-to-santiago\/#primaryimage"},"thumbnailUrl":"https:\/\/www.vialusitana.org\/wp-content\/uploads\/2025\/06\/sss.jpg","inLanguage":"en-US"},{"@type":"WebPage","@id":"https:\/\/www.vialusitana.org\/en\/saturday-by-saturday-to-santiago\/","url":"https:\/\/www.vialusitana.org\/en\/saturday-by-saturday-to-santiago\/","name":"Saturday by Saturday, to Santiago - Via Lusitana","isPartOf":{"@id":"https:\/\/www.vialusitana.org\/en\/#website"},"primaryImageOfPage":{"@id":"https:\/\/www.vialusitana.org\/en\/saturday-by-saturday-to-santiago\/#primaryimage"},"image":{"@id":"https:\/\/www.vialusitana.org\/en\/saturday-by-saturday-to-santiago\/#primaryimage"},"thumbnailUrl":"https:\/\/www.vialusitana.org\/wp-content\/uploads\/2025\/06\/sss.jpg","datePublished":"2025-06-03T22:08:13+00:00","dateModified":"2025-06-03T22:19:23+00:00","breadcrumb":{"@id":"https:\/\/www.vialusitana.org\/en\/saturday-by-saturday-to-santiago\/#breadcrumb"},"inLanguage":"en-US","potentialAction":[{"@type":"ReadAction","target":["https:\/\/www.vialusitana.org\/en\/saturday-by-saturday-to-santiago\/"]}]},{"@type":"ImageObject","inLanguage":"en-US","@id":"https:\/\/www.vialusitana.org\/en\/saturday-by-saturday-to-santiago\/#primaryimage","url":"https:\/\/www.vialusitana.org\/wp-content\/uploads\/2025\/06\/sss.jpg","contentUrl":"https:\/\/www.vialusitana.org\/wp-content\/uploads\/2025\/06\/sss.jpg","width":1100,"height":737},{"@type":"BreadcrumbList","@id":"https:\/\/www.vialusitana.org\/en\/saturday-by-saturday-to-santiago\/#breadcrumb","itemListElement":[{"@type":"ListItem","position":1,"name":"Home","item":"https:\/\/www.vialusitana.org\/en\/"},{"@type":"ListItem","position":2,"name":"Saturday by Saturday, to Santiago"}]},{"@type":"WebSite","@id":"https:\/\/www.vialusitana.org\/en\/#website","url":"https:\/\/www.vialusitana.org\/en\/","name":"Via Lusitana","description":"","publisher":{"@id":"https:\/\/www.vialusitana.org\/en\/#organization"},"potentialAction":[{"@type":"SearchAction","target":{"@type":"EntryPoint","urlTemplate":"https:\/\/www.vialusitana.org\/en\/?s={search_term_string}"},"query-input":{"@type":"PropertyValueSpecification","valueRequired":true,"valueName":"search_term_string"}}],"inLanguage":"en-US"},{"@type":"Organization","@id":"https:\/\/www.vialusitana.org\/en\/#organization","name":"Via Lusitana","url":"https:\/\/www.vialusitana.org\/en\/","logo":{"@type":"ImageObject","inLanguage":"en-US","@id":"https:\/\/www.vialusitana.org\/en\/#\/schema\/logo\/image\/","url":"https:\/\/www.vialusitana.org\/wp-content\/uploads\/2024\/08\/apple-touch-icon.png","contentUrl":"https:\/\/www.vialusitana.org\/wp-content\/uploads\/2024\/08\/apple-touch-icon.png","width":180,"height":180,"caption":"Via Lusitana"},"image":{"@id":"https:\/\/www.vialusitana.org\/en\/#\/schema\/logo\/image\/"},"sameAs":["https:\/\/www.facebook.com\/ViaLusitana","https:\/\/www.instagram.com\/via_lusitana\/"]},{"@type":"Person","@id":"https:\/\/www.vialusitana.org\/en\/#\/schema\/person\/974b0f5fc0d1f06d5bbaab9a6c2d4b7d","name":"info@vialusitana.org"}]}},"_links":{"self":[{"href":"https:\/\/www.vialusitana.org\/en\/wp-json\/wp\/v2\/posts\/4751","targetHints":{"allow":["GET"]}}],"collection":[{"href":"https:\/\/www.vialusitana.org\/en\/wp-json\/wp\/v2\/posts"}],"about":[{"href":"https:\/\/www.vialusitana.org\/en\/wp-json\/wp\/v2\/types\/post"}],"author":[{"embeddable":true,"href":"https:\/\/www.vialusitana.org\/en\/wp-json\/wp\/v2\/users\/3"}],"replies":[{"embeddable":true,"href":"https:\/\/www.vialusitana.org\/en\/wp-json\/wp\/v2\/comments?post=4751"}],"version-history":[{"count":3,"href":"https:\/\/www.vialusitana.org\/en\/wp-json\/wp\/v2\/posts\/4751\/revisions"}],"predecessor-version":[{"id":4754,"href":"https:\/\/www.vialusitana.org\/en\/wp-json\/wp\/v2\/posts\/4751\/revisions\/4754"}],"wp:featuredmedia":[{"embeddable":true,"href":"https:\/\/www.vialusitana.org\/en\/wp-json\/wp\/v2\/media\/4747"}],"wp:attachment":[{"href":"https:\/\/www.vialusitana.org\/en\/wp-json\/wp\/v2\/media?parent=4751"}],"wp:term":[{"taxonomy":"category","embeddable":true,"href":"https:\/\/www.vialusitana.org\/en\/wp-json\/wp\/v2\/categories?post=4751"},{"taxonomy":"post_tag","embeddable":true,"href":"https:\/\/www.vialusitana.org\/en\/wp-json\/wp\/v2\/tags?post=4751"}],"curies":[{"name":"wp","href":"https:\/\/api.w.org\/{rel}","templated":true}]}}