{"id":4539,"date":"2025-03-18T19:31:11","date_gmt":"2025-03-18T19:31:11","guid":{"rendered":"https:\/\/www.vialusitana.org\/reabriu-o-espaco-informacao-ao-peregrino-em-lisboa\/"},"modified":"2025-03-18T19:40:31","modified_gmt":"2025-03-18T19:40:31","slug":"pilgrims-office-reopened-in-lisbon-after-winter-break","status":"publish","type":"post","link":"https:\/\/www.vialusitana.org\/en\/pilgrims-office-reopened-in-lisbon-after-winter-break\/","title":{"rendered":"Pilgrims office reopened in Lisbon after winter break"},"content":{"rendered":"<p class=\"p1\"><span class=\"s1\">The Via Lusitana Association&#8217;s Pilgrims Office, &#8220;<em>Informa\u00e7\u00e3o ao Peregrino&#8221;<\/em><\/span><span class=\"s1\">\u00a0(<a href=\"http:\/\/www.peregrino.info\" target=\"_blank\" rel=\"noopener\">www.peregrino.info<\/a>) <\/span><span class=\"s1\">reopened on March 1, following a temporary closure that began on November 1. The decision to close during the winter was due to the reduced number of pilgrims in those colder months of the year, making it unfeasible to keep the center open, when there are almost no visitors.<\/span><\/p>\n<p class=\"p1\"><span class=\"s1\">Located in the Church of Nossa Senhora da Concei\u00e7\u00e3o Velha, on Rua da Alf\u00e2ndega in Lisbon, this center aims to support pilgrims on their journey, assisting with their preparation and providing information about the Caminos de Santiago and F\u00e1tima. <strong>Visitors can obtain maps, guides, credentials, and advice on itineraries, accommodation, and other practical aspects of the journey. Additionally, the &#8220;Pilgrim&#8217;s Journal,&#8221; a notebook created to record the Camino experience, is available for purchase.<\/strong><\/span><\/p>\n<p class=\"p1\"><span class=\"s1\">Since its opening in May 2024, approximately 850 visitors from 53 different nationalities have passed through the center, with notable numbers of Americans, Italians, Portuguese, and Spaniards.<\/span><\/p>\n<p class=\"p1\"><span class=\"s1\">With the reopening, the center has undergone some improvements, now being more comfortable and welcoming, with new furniture and decoration. <strong>It remains open every day from 2:30 PM to 6:00 PM.<\/strong><\/span><\/p>\n","protected":false},"excerpt":{"rendered":"<p>The Via Lusitana Association&#8217;s Pilgrims Office, &#8220;Informa\u00e7\u00e3o ao Peregrino&#8221;\u00a0(www.peregrino.info) reopened on March 1, following a temporary closure that began on November 1. The decision to close during the winter was due to the reduced number of pilgrims in those colder months of the year, making it unfeasible to keep the center open, when there are [&hellip;]<\/p>\n","protected":false},"author":3,"featured_media":4526,"comment_status":"closed","ping_status":"closed","sticky":false,"template":"","format":"standard","meta":{"_acf_changed":false,"footnotes":""},"categories":[4],"tags":[],"class_list":["post-4539","post","type-post","status-publish","format-standard","has-post-thumbnail","hentry","category-uncategorized"],"acf":{"image_1":4528,"image_2":4530,"image_3":4537,"image_4":4534,"image_5":""},"yoast_head":"<!-- This site is optimized with the Yoast SEO plugin v27.4 - https:\/\/yoast.com\/product\/yoast-seo-wordpress\/ -->\n<title>Pilgrims office reopened in Lisbon after winter break - Via Lusitana<\/title>\n<meta name=\"robots\" content=\"index, follow, max-snippet:-1, max-image-preview:large, max-video-preview:-1\" \/>\n<link rel=\"canonical\" href=\"https:\/\/www.vialusitana.org\/en\/pilgrims-office-reopened-in-lisbon-after-winter-break\/\" \/>\n<meta property=\"og:locale\" content=\"en_US\" \/>\n<meta property=\"og:type\" content=\"article\" \/>\n<meta property=\"og:title\" content=\"Pilgrims office reopened in Lisbon after winter break - Via Lusitana\" \/>\n<meta property=\"og:description\" content=\"The Via Lusitana Association&#8217;s Pilgrims Office, &#8220;Informa\u00e7\u00e3o ao Peregrino&#8221;\u00a0(www.peregrino.info) reopened on March 1, following a temporary closure that began on November 1. The decision to close during the winter was due to the reduced number of pilgrims in those colder months of the year, making it unfeasible to keep the center open, when there are [&hellip;]\" \/>\n<meta property=\"og:url\" content=\"https:\/\/www.vialusitana.org\/en\/pilgrims-office-reopened-in-lisbon-after-winter-break\/\" \/>\n<meta property=\"og:site_name\" content=\"Via Lusitana\" \/>\n<meta property=\"article:publisher\" content=\"https:\/\/www.facebook.com\/ViaLusitana\" \/>\n<meta property=\"article:published_time\" content=\"2025-03-18T19:31:11+00:00\" \/>\n<meta property=\"article:modified_time\" content=\"2025-03-18T19:40:31+00:00\" \/>\n<meta property=\"og:image\" content=\"https:\/\/www.vialusitana.org\/wp-content\/uploads\/2025\/03\/a83396bd-6554-467d-ba26-7beb86db6681.jpg\" \/>\n\t<meta property=\"og:image:width\" content=\"1600\" \/>\n\t<meta property=\"og:image:height\" content=\"1200\" \/>\n\t<meta property=\"og:image:type\" content=\"image\/jpeg\" \/>\n<meta name=\"author\" content=\"info@vialusitana.org\" \/>\n<meta name=\"twitter:card\" content=\"summary_large_image\" \/>\n<meta name=\"twitter:label1\" content=\"Written by\" \/>\n\t<meta name=\"twitter:data1\" content=\"info@vialusitana.org\" \/>\n\t<meta name=\"twitter:label2\" content=\"Est. reading time\" \/>\n\t<meta name=\"twitter:data2\" content=\"2 minutes\" \/>\n<script type=\"application\/ld+json\" class=\"yoast-schema-graph\">{\"@context\":\"https:\\\/\\\/schema.org\",\"@graph\":[{\"@type\":\"Article\",\"@id\":\"https:\\\/\\\/www.vialusitana.org\\\/en\\\/pilgrims-office-reopened-in-lisbon-after-winter-break\\\/#article\",\"isPartOf\":{\"@id\":\"https:\\\/\\\/www.vialusitana.org\\\/en\\\/pilgrims-office-reopened-in-lisbon-after-winter-break\\\/\"},\"author\":{\"name\":\"info@vialusitana.org\",\"@id\":\"https:\\\/\\\/www.vialusitana.org\\\/en\\\/#\\\/schema\\\/person\\\/974b0f5fc0d1f06d5bbaab9a6c2d4b7d\"},\"headline\":\"Pilgrims office reopened in Lisbon after winter break\",\"datePublished\":\"2025-03-18T19:31:11+00:00\",\"dateModified\":\"2025-03-18T19:40:31+00:00\",\"mainEntityOfPage\":{\"@id\":\"https:\\\/\\\/www.vialusitana.org\\\/en\\\/pilgrims-office-reopened-in-lisbon-after-winter-break\\\/\"},\"wordCount\":199,\"publisher\":{\"@id\":\"https:\\\/\\\/www.vialusitana.org\\\/en\\\/#organization\"},\"image\":{\"@id\":\"https:\\\/\\\/www.vialusitana.org\\\/en\\\/pilgrims-office-reopened-in-lisbon-after-winter-break\\\/#primaryimage\"},\"thumbnailUrl\":\"https:\\\/\\\/www.vialusitana.org\\\/wp-content\\\/uploads\\\/2025\\\/03\\\/a83396bd-6554-467d-ba26-7beb86db6681.jpg\",\"inLanguage\":\"en-US\"},{\"@type\":\"WebPage\",\"@id\":\"https:\\\/\\\/www.vialusitana.org\\\/en\\\/pilgrims-office-reopened-in-lisbon-after-winter-break\\\/\",\"url\":\"https:\\\/\\\/www.vialusitana.org\\\/en\\\/pilgrims-office-reopened-in-lisbon-after-winter-break\\\/\",\"name\":\"Pilgrims office reopened in Lisbon after winter break - Via Lusitana\",\"isPartOf\":{\"@id\":\"https:\\\/\\\/www.vialusitana.org\\\/en\\\/#website\"},\"primaryImageOfPage\":{\"@id\":\"https:\\\/\\\/www.vialusitana.org\\\/en\\\/pilgrims-office-reopened-in-lisbon-after-winter-break\\\/#primaryimage\"},\"image\":{\"@id\":\"https:\\\/\\\/www.vialusitana.org\\\/en\\\/pilgrims-office-reopened-in-lisbon-after-winter-break\\\/#primaryimage\"},\"thumbnailUrl\":\"https:\\\/\\\/www.vialusitana.org\\\/wp-content\\\/uploads\\\/2025\\\/03\\\/a83396bd-6554-467d-ba26-7beb86db6681.jpg\",\"datePublished\":\"2025-03-18T19:31:11+00:00\",\"dateModified\":\"2025-03-18T19:40:31+00:00\",\"breadcrumb\":{\"@id\":\"https:\\\/\\\/www.vialusitana.org\\\/en\\\/pilgrims-office-reopened-in-lisbon-after-winter-break\\\/#breadcrumb\"},\"inLanguage\":\"en-US\",\"potentialAction\":[{\"@type\":\"ReadAction\",\"target\":[\"https:\\\/\\\/www.vialusitana.org\\\/en\\\/pilgrims-office-reopened-in-lisbon-after-winter-break\\\/\"]}]},{\"@type\":\"ImageObject\",\"inLanguage\":\"en-US\",\"@id\":\"https:\\\/\\\/www.vialusitana.org\\\/en\\\/pilgrims-office-reopened-in-lisbon-after-winter-break\\\/#primaryimage\",\"url\":\"https:\\\/\\\/www.vialusitana.org\\\/wp-content\\\/uploads\\\/2025\\\/03\\\/a83396bd-6554-467d-ba26-7beb86db6681.jpg\",\"contentUrl\":\"https:\\\/\\\/www.vialusitana.org\\\/wp-content\\\/uploads\\\/2025\\\/03\\\/a83396bd-6554-467d-ba26-7beb86db6681.jpg\",\"width\":1600,\"height\":1200},{\"@type\":\"BreadcrumbList\",\"@id\":\"https:\\\/\\\/www.vialusitana.org\\\/en\\\/pilgrims-office-reopened-in-lisbon-after-winter-break\\\/#breadcrumb\",\"itemListElement\":[{\"@type\":\"ListItem\",\"position\":1,\"name\":\"Home\",\"item\":\"https:\\\/\\\/www.vialusitana.org\\\/en\\\/\"},{\"@type\":\"ListItem\",\"position\":2,\"name\":\"Pilgrims office reopened in Lisbon after winter break\"}]},{\"@type\":\"WebSite\",\"@id\":\"https:\\\/\\\/www.vialusitana.org\\\/en\\\/#website\",\"url\":\"https:\\\/\\\/www.vialusitana.org\\\/en\\\/\",\"name\":\"Via Lusitana\",\"description\":\"\",\"publisher\":{\"@id\":\"https:\\\/\\\/www.vialusitana.org\\\/en\\\/#organization\"},\"potentialAction\":[{\"@type\":\"SearchAction\",\"target\":{\"@type\":\"EntryPoint\",\"urlTemplate\":\"https:\\\/\\\/www.vialusitana.org\\\/en\\\/?s={search_term_string}\"},\"query-input\":{\"@type\":\"PropertyValueSpecification\",\"valueRequired\":true,\"valueName\":\"search_term_string\"}}],\"inLanguage\":\"en-US\"},{\"@type\":\"Organization\",\"@id\":\"https:\\\/\\\/www.vialusitana.org\\\/en\\\/#organization\",\"name\":\"Via Lusitana\",\"url\":\"https:\\\/\\\/www.vialusitana.org\\\/en\\\/\",\"logo\":{\"@type\":\"ImageObject\",\"inLanguage\":\"en-US\",\"@id\":\"https:\\\/\\\/www.vialusitana.org\\\/en\\\/#\\\/schema\\\/logo\\\/image\\\/\",\"url\":\"https:\\\/\\\/www.vialusitana.org\\\/wp-content\\\/uploads\\\/2024\\\/08\\\/apple-touch-icon.png\",\"contentUrl\":\"https:\\\/\\\/www.vialusitana.org\\\/wp-content\\\/uploads\\\/2024\\\/08\\\/apple-touch-icon.png\",\"width\":180,\"height\":180,\"caption\":\"Via Lusitana\"},\"image\":{\"@id\":\"https:\\\/\\\/www.vialusitana.org\\\/en\\\/#\\\/schema\\\/logo\\\/image\\\/\"},\"sameAs\":[\"https:\\\/\\\/www.facebook.com\\\/ViaLusitana\",\"https:\\\/\\\/www.instagram.com\\\/via_lusitana\\\/\"]},{\"@type\":\"Person\",\"@id\":\"https:\\\/\\\/www.vialusitana.org\\\/en\\\/#\\\/schema\\\/person\\\/974b0f5fc0d1f06d5bbaab9a6c2d4b7d\",\"name\":\"info@vialusitana.org\"}]}<\/script>\n<!-- \/ Yoast SEO plugin. -->","yoast_head_json":{"title":"Pilgrims office reopened in Lisbon after winter break - Via Lusitana","robots":{"index":"index","follow":"follow","max-snippet":"max-snippet:-1","max-image-preview":"max-image-preview:large","max-video-preview":"max-video-preview:-1"},"canonical":"https:\/\/www.vialusitana.org\/en\/pilgrims-office-reopened-in-lisbon-after-winter-break\/","og_locale":"en_US","og_type":"article","og_title":"Pilgrims office reopened in Lisbon after winter break - Via Lusitana","og_description":"The Via Lusitana Association&#8217;s Pilgrims Office, &#8220;Informa\u00e7\u00e3o ao Peregrino&#8221;\u00a0(www.peregrino.info) reopened on March 1, following a temporary closure that began on November 1. The decision to close during the winter was due to the reduced number of pilgrims in those colder months of the year, making it unfeasible to keep the center open, when there are [&hellip;]","og_url":"https:\/\/www.vialusitana.org\/en\/pilgrims-office-reopened-in-lisbon-after-winter-break\/","og_site_name":"Via Lusitana","article_publisher":"https:\/\/www.facebook.com\/ViaLusitana","article_published_time":"2025-03-18T19:31:11+00:00","article_modified_time":"2025-03-18T19:40:31+00:00","og_image":[{"width":1600,"height":1200,"url":"https:\/\/www.vialusitana.org\/wp-content\/uploads\/2025\/03\/a83396bd-6554-467d-ba26-7beb86db6681.jpg","type":"image\/jpeg"}],"author":"info@vialusitana.org","twitter_card":"summary_large_image","twitter_misc":{"Written by":"info@vialusitana.org","Est. reading time":"2 minutes"},"schema":{"@context":"https:\/\/schema.org","@graph":[{"@type":"Article","@id":"https:\/\/www.vialusitana.org\/en\/pilgrims-office-reopened-in-lisbon-after-winter-break\/#article","isPartOf":{"@id":"https:\/\/www.vialusitana.org\/en\/pilgrims-office-reopened-in-lisbon-after-winter-break\/"},"author":{"name":"info@vialusitana.org","@id":"https:\/\/www.vialusitana.org\/en\/#\/schema\/person\/974b0f5fc0d1f06d5bbaab9a6c2d4b7d"},"headline":"Pilgrims office reopened in Lisbon after winter break","datePublished":"2025-03-18T19:31:11+00:00","dateModified":"2025-03-18T19:40:31+00:00","mainEntityOfPage":{"@id":"https:\/\/www.vialusitana.org\/en\/pilgrims-office-reopened-in-lisbon-after-winter-break\/"},"wordCount":199,"publisher":{"@id":"https:\/\/www.vialusitana.org\/en\/#organization"},"image":{"@id":"https:\/\/www.vialusitana.org\/en\/pilgrims-office-reopened-in-lisbon-after-winter-break\/#primaryimage"},"thumbnailUrl":"https:\/\/www.vialusitana.org\/wp-content\/uploads\/2025\/03\/a83396bd-6554-467d-ba26-7beb86db6681.jpg","inLanguage":"en-US"},{"@type":"WebPage","@id":"https:\/\/www.vialusitana.org\/en\/pilgrims-office-reopened-in-lisbon-after-winter-break\/","url":"https:\/\/www.vialusitana.org\/en\/pilgrims-office-reopened-in-lisbon-after-winter-break\/","name":"Pilgrims office reopened in Lisbon after winter break - Via Lusitana","isPartOf":{"@id":"https:\/\/www.vialusitana.org\/en\/#website"},"primaryImageOfPage":{"@id":"https:\/\/www.vialusitana.org\/en\/pilgrims-office-reopened-in-lisbon-after-winter-break\/#primaryimage"},"image":{"@id":"https:\/\/www.vialusitana.org\/en\/pilgrims-office-reopened-in-lisbon-after-winter-break\/#primaryimage"},"thumbnailUrl":"https:\/\/www.vialusitana.org\/wp-content\/uploads\/2025\/03\/a83396bd-6554-467d-ba26-7beb86db6681.jpg","datePublished":"2025-03-18T19:31:11+00:00","dateModified":"2025-03-18T19:40:31+00:00","breadcrumb":{"@id":"https:\/\/www.vialusitana.org\/en\/pilgrims-office-reopened-in-lisbon-after-winter-break\/#breadcrumb"},"inLanguage":"en-US","potentialAction":[{"@type":"ReadAction","target":["https:\/\/www.vialusitana.org\/en\/pilgrims-office-reopened-in-lisbon-after-winter-break\/"]}]},{"@type":"ImageObject","inLanguage":"en-US","@id":"https:\/\/www.vialusitana.org\/en\/pilgrims-office-reopened-in-lisbon-after-winter-break\/#primaryimage","url":"https:\/\/www.vialusitana.org\/wp-content\/uploads\/2025\/03\/a83396bd-6554-467d-ba26-7beb86db6681.jpg","contentUrl":"https:\/\/www.vialusitana.org\/wp-content\/uploads\/2025\/03\/a83396bd-6554-467d-ba26-7beb86db6681.jpg","width":1600,"height":1200},{"@type":"BreadcrumbList","@id":"https:\/\/www.vialusitana.org\/en\/pilgrims-office-reopened-in-lisbon-after-winter-break\/#breadcrumb","itemListElement":[{"@type":"ListItem","position":1,"name":"Home","item":"https:\/\/www.vialusitana.org\/en\/"},{"@type":"ListItem","position":2,"name":"Pilgrims office reopened in Lisbon after winter break"}]},{"@type":"WebSite","@id":"https:\/\/www.vialusitana.org\/en\/#website","url":"https:\/\/www.vialusitana.org\/en\/","name":"Via Lusitana","description":"","publisher":{"@id":"https:\/\/www.vialusitana.org\/en\/#organization"},"potentialAction":[{"@type":"SearchAction","target":{"@type":"EntryPoint","urlTemplate":"https:\/\/www.vialusitana.org\/en\/?s={search_term_string}"},"query-input":{"@type":"PropertyValueSpecification","valueRequired":true,"valueName":"search_term_string"}}],"inLanguage":"en-US"},{"@type":"Organization","@id":"https:\/\/www.vialusitana.org\/en\/#organization","name":"Via Lusitana","url":"https:\/\/www.vialusitana.org\/en\/","logo":{"@type":"ImageObject","inLanguage":"en-US","@id":"https:\/\/www.vialusitana.org\/en\/#\/schema\/logo\/image\/","url":"https:\/\/www.vialusitana.org\/wp-content\/uploads\/2024\/08\/apple-touch-icon.png","contentUrl":"https:\/\/www.vialusitana.org\/wp-content\/uploads\/2024\/08\/apple-touch-icon.png","width":180,"height":180,"caption":"Via Lusitana"},"image":{"@id":"https:\/\/www.vialusitana.org\/en\/#\/schema\/logo\/image\/"},"sameAs":["https:\/\/www.facebook.com\/ViaLusitana","https:\/\/www.instagram.com\/via_lusitana\/"]},{"@type":"Person","@id":"https:\/\/www.vialusitana.org\/en\/#\/schema\/person\/974b0f5fc0d1f06d5bbaab9a6c2d4b7d","name":"info@vialusitana.org"}]}},"_links":{"self":[{"href":"https:\/\/www.vialusitana.org\/en\/wp-json\/wp\/v2\/posts\/4539","targetHints":{"allow":["GET"]}}],"collection":[{"href":"https:\/\/www.vialusitana.org\/en\/wp-json\/wp\/v2\/posts"}],"about":[{"href":"https:\/\/www.vialusitana.org\/en\/wp-json\/wp\/v2\/types\/post"}],"author":[{"embeddable":true,"href":"https:\/\/www.vialusitana.org\/en\/wp-json\/wp\/v2\/users\/3"}],"replies":[{"embeddable":true,"href":"https:\/\/www.vialusitana.org\/en\/wp-json\/wp\/v2\/comments?post=4539"}],"version-history":[{"count":4,"href":"https:\/\/www.vialusitana.org\/en\/wp-json\/wp\/v2\/posts\/4539\/revisions"}],"predecessor-version":[{"id":4543,"href":"https:\/\/www.vialusitana.org\/en\/wp-json\/wp\/v2\/posts\/4539\/revisions\/4543"}],"wp:featuredmedia":[{"embeddable":true,"href":"https:\/\/www.vialusitana.org\/en\/wp-json\/wp\/v2\/media\/4526"}],"wp:attachment":[{"href":"https:\/\/www.vialusitana.org\/en\/wp-json\/wp\/v2\/media?parent=4539"}],"wp:term":[{"taxonomy":"category","embeddable":true,"href":"https:\/\/www.vialusitana.org\/en\/wp-json\/wp\/v2\/categories?post=4539"},{"taxonomy":"post_tag","embeddable":true,"href":"https:\/\/www.vialusitana.org\/en\/wp-json\/wp\/v2\/tags?post=4539"}],"curies":[{"name":"wp","href":"https:\/\/api.w.org\/{rel}","templated":true}]}}