{"id":4305,"date":"2024-12-11T10:49:51","date_gmt":"2024-12-11T10:49:51","guid":{"rendered":"https:\/\/www.vialusitana.org\/iv-conferencia-pelos-caminhos-de-santiago-em-grijo\/"},"modified":"2024-12-11T11:08:41","modified_gmt":"2024-12-11T11:08:41","slug":"iv-conference-on-the-caminos-de-santiago-in-grijo","status":"publish","type":"post","link":"https:\/\/www.vialusitana.org\/en\/iv-conference-on-the-caminos-de-santiago-in-grijo\/","title":{"rendered":"IV Confer\u00eance &#8216;On the Caminos de Santiago&#8217; in Grij\u00f3"},"content":{"rendered":"<p class=\"p1\"><span class=\"s1\"><strong>The IV Conference <i>&#8220;Pelos Caminhos de Santiago&#8221;<\/i> will take place on December 14th, at the Monastery of<i> Grij\u00f3<\/i>, with free entry<\/strong>. Organized by the <a href=\"https:\/\/www.facebook.com\/ConfrariaSantiago.ParoquiaGrijo\" target=\"_blank\" rel=\"noopener\"><strong><i>Confraria de Santiago<\/i><\/strong><\/a>, from the <i>S\u00e3o Salvador de Grij\u00f3 <\/i>parish, the conference will feature a series of debates and moments of sharing experiences about the spiritual and cultural journey of this major pilgrimage destination.<\/span><\/p>\n<p class=\"p1\"><span class=\"s1\">The event will begin at 2:00 PM with the reception of participants, followed by a presentation at 2:40 PM by <strong>cartoonist Pedro Silva<\/strong>. Throughout the afternoon, topics such as the history and evolution of the <i>Caminos de Santiago<\/i>, their influence on regional tourism and culture, as well as pilgrim testimonies and reflections on the future of the <i>Caminos de Santiago<\/i>, focusing on challenges and opportunities, will be discussed.<\/span> <span class=\"s1\">The speaker lineup includes <strong>writer and pilgrim<\/strong> <b>Lu\u00eds Ferreira<\/b>, <strong>hospitable and pilgrim<\/strong> <b>M\u00f3nica Gon\u00e7alves<\/b>, <strong>historian and general commissioner of the International <i>Caminos de Santiago<\/i> Colloquiums in <i>S\u00e3o Pedro de Rates<\/i>,<\/strong> <b>Paulo S\u00e1 Machado<\/b>, and <b>Ana Rita Dias<\/b><strong>, president of the Portuguese Federation of the <i>Caminos de Santiago<\/i>.<\/strong><\/span><\/p>\n<p class=\"p1\"><span class=\"s1\">In addition to the debates, attendees will be able to visit a <strong>photographic exhibition by Filipe Neto<\/strong>, photographer and pilgrim, and watch the screening of <strong>the film &#8220;<i>O Nosso Caminho<\/i>&#8221; (Our Path) by Pedro Gil de Vasconcelos<\/strong> at 2:50 PM. <strong>Harpist J\u00falia Santos<\/strong> will also perform at 4:10 PM.<\/span><\/p>\n<p class=\"p1\"><span class=\"s1\">The conference will be closed by Francisco Silva, and at 5:30 PM, a <i>Porto de Honra<\/i> will be served at the Noble Salon of the <i>Grij\u00f3 <\/i>Parish.<\/span><\/p>\n<p>&nbsp;<\/p>\n<p><strong>Source:<\/strong> <a href=\"https:\/\/www.ogaiense.pt\/noticias\/noticiario\/mosteiro-de-grijo-acolhe-iv-conferencia-pelos-caminhos-de-santiago#google_vignette\" target=\"_blank\" rel=\"noopener\">O Gaiense<\/a><\/p>\n","protected":false},"excerpt":{"rendered":"<p>The IV Conference &#8220;Pelos Caminhos de Santiago&#8221; will take place on December 14th, at the Monastery of Grij\u00f3, with free entry. Organized by the Confraria de Santiago, from the S\u00e3o Salvador de Grij\u00f3 parish, the conference will feature a series of debates and moments of sharing experiences about the spiritual and cultural journey of this [&hellip;]<\/p>\n","protected":false},"author":3,"featured_media":4300,"comment_status":"closed","ping_status":"closed","sticky":false,"template":"","format":"standard","meta":{"_acf_changed":false,"footnotes":""},"categories":[4],"tags":[],"class_list":["post-4305","post","type-post","status-publish","format-standard","has-post-thumbnail","hentry","category-uncategorized"],"acf":{"image_1":"","image_2":"","image_3":"","image_4":"","image_5":""},"yoast_head":"<!-- This site is optimized with the Yoast SEO plugin v27.4 - https:\/\/yoast.com\/product\/yoast-seo-wordpress\/ -->\n<title>IV Confer\u00eance &#039;On the Caminos de Santiago&#039; in Grij\u00f3 - Via Lusitana<\/title>\n<meta name=\"robots\" content=\"index, follow, max-snippet:-1, max-image-preview:large, max-video-preview:-1\" \/>\n<link rel=\"canonical\" href=\"https:\/\/www.vialusitana.org\/en\/iv-conference-on-the-caminos-de-santiago-in-grijo\/\" \/>\n<meta property=\"og:locale\" content=\"en_US\" \/>\n<meta property=\"og:type\" content=\"article\" \/>\n<meta property=\"og:title\" content=\"IV Confer\u00eance &#039;On the Caminos de Santiago&#039; in Grij\u00f3 - Via Lusitana\" \/>\n<meta property=\"og:description\" content=\"The IV Conference &#8220;Pelos Caminhos de Santiago&#8221; will take place on December 14th, at the Monastery of Grij\u00f3, with free entry. Organized by the Confraria de Santiago, from the S\u00e3o Salvador de Grij\u00f3 parish, the conference will feature a series of debates and moments of sharing experiences about the spiritual and cultural journey of this [&hellip;]\" \/>\n<meta property=\"og:url\" content=\"https:\/\/www.vialusitana.org\/en\/iv-conference-on-the-caminos-de-santiago-in-grijo\/\" \/>\n<meta property=\"og:site_name\" content=\"Via Lusitana\" \/>\n<meta property=\"article:publisher\" content=\"https:\/\/www.facebook.com\/ViaLusitana\" \/>\n<meta property=\"article:published_time\" content=\"2024-12-11T10:49:51+00:00\" \/>\n<meta property=\"article:modified_time\" content=\"2024-12-11T11:08:41+00:00\" \/>\n<meta property=\"og:image\" content=\"https:\/\/www.vialusitana.org\/wp-content\/uploads\/2024\/12\/C.Oradores-2.jpeg\" \/>\n\t<meta property=\"og:image:width\" content=\"1126\" \/>\n\t<meta property=\"og:image:height\" content=\"732\" \/>\n\t<meta property=\"og:image:type\" content=\"image\/jpeg\" \/>\n<meta name=\"author\" content=\"info@vialusitana.org\" \/>\n<meta name=\"twitter:card\" content=\"summary_large_image\" \/>\n<meta name=\"twitter:label1\" content=\"Written by\" \/>\n\t<meta name=\"twitter:data1\" content=\"info@vialusitana.org\" \/>\n\t<meta name=\"twitter:label2\" content=\"Est. reading time\" \/>\n\t<meta name=\"twitter:data2\" content=\"2 minutes\" \/>\n<script type=\"application\/ld+json\" class=\"yoast-schema-graph\">{\"@context\":\"https:\\\/\\\/schema.org\",\"@graph\":[{\"@type\":\"Article\",\"@id\":\"https:\\\/\\\/www.vialusitana.org\\\/en\\\/iv-conference-on-the-caminos-de-santiago-in-grijo\\\/#article\",\"isPartOf\":{\"@id\":\"https:\\\/\\\/www.vialusitana.org\\\/en\\\/iv-conference-on-the-caminos-de-santiago-in-grijo\\\/\"},\"author\":{\"name\":\"info@vialusitana.org\",\"@id\":\"https:\\\/\\\/www.vialusitana.org\\\/en\\\/#\\\/schema\\\/person\\\/974b0f5fc0d1f06d5bbaab9a6c2d4b7d\"},\"headline\":\"IV Confer\u00eance &#8216;On the Caminos de Santiago&#8217; in Grij\u00f3\",\"datePublished\":\"2024-12-11T10:49:51+00:00\",\"dateModified\":\"2024-12-11T11:08:41+00:00\",\"mainEntityOfPage\":{\"@id\":\"https:\\\/\\\/www.vialusitana.org\\\/en\\\/iv-conference-on-the-caminos-de-santiago-in-grijo\\\/\"},\"wordCount\":264,\"publisher\":{\"@id\":\"https:\\\/\\\/www.vialusitana.org\\\/en\\\/#organization\"},\"image\":{\"@id\":\"https:\\\/\\\/www.vialusitana.org\\\/en\\\/iv-conference-on-the-caminos-de-santiago-in-grijo\\\/#primaryimage\"},\"thumbnailUrl\":\"https:\\\/\\\/www.vialusitana.org\\\/wp-content\\\/uploads\\\/2024\\\/12\\\/C.Oradores-2.jpeg\",\"inLanguage\":\"en-US\"},{\"@type\":\"WebPage\",\"@id\":\"https:\\\/\\\/www.vialusitana.org\\\/en\\\/iv-conference-on-the-caminos-de-santiago-in-grijo\\\/\",\"url\":\"https:\\\/\\\/www.vialusitana.org\\\/en\\\/iv-conference-on-the-caminos-de-santiago-in-grijo\\\/\",\"name\":\"IV Confer\u00eance 'On the Caminos de Santiago' in Grij\u00f3 - Via Lusitana\",\"isPartOf\":{\"@id\":\"https:\\\/\\\/www.vialusitana.org\\\/en\\\/#website\"},\"primaryImageOfPage\":{\"@id\":\"https:\\\/\\\/www.vialusitana.org\\\/en\\\/iv-conference-on-the-caminos-de-santiago-in-grijo\\\/#primaryimage\"},\"image\":{\"@id\":\"https:\\\/\\\/www.vialusitana.org\\\/en\\\/iv-conference-on-the-caminos-de-santiago-in-grijo\\\/#primaryimage\"},\"thumbnailUrl\":\"https:\\\/\\\/www.vialusitana.org\\\/wp-content\\\/uploads\\\/2024\\\/12\\\/C.Oradores-2.jpeg\",\"datePublished\":\"2024-12-11T10:49:51+00:00\",\"dateModified\":\"2024-12-11T11:08:41+00:00\",\"breadcrumb\":{\"@id\":\"https:\\\/\\\/www.vialusitana.org\\\/en\\\/iv-conference-on-the-caminos-de-santiago-in-grijo\\\/#breadcrumb\"},\"inLanguage\":\"en-US\",\"potentialAction\":[{\"@type\":\"ReadAction\",\"target\":[\"https:\\\/\\\/www.vialusitana.org\\\/en\\\/iv-conference-on-the-caminos-de-santiago-in-grijo\\\/\"]}]},{\"@type\":\"ImageObject\",\"inLanguage\":\"en-US\",\"@id\":\"https:\\\/\\\/www.vialusitana.org\\\/en\\\/iv-conference-on-the-caminos-de-santiago-in-grijo\\\/#primaryimage\",\"url\":\"https:\\\/\\\/www.vialusitana.org\\\/wp-content\\\/uploads\\\/2024\\\/12\\\/C.Oradores-2.jpeg\",\"contentUrl\":\"https:\\\/\\\/www.vialusitana.org\\\/wp-content\\\/uploads\\\/2024\\\/12\\\/C.Oradores-2.jpeg\",\"width\":1126,\"height\":732},{\"@type\":\"BreadcrumbList\",\"@id\":\"https:\\\/\\\/www.vialusitana.org\\\/en\\\/iv-conference-on-the-caminos-de-santiago-in-grijo\\\/#breadcrumb\",\"itemListElement\":[{\"@type\":\"ListItem\",\"position\":1,\"name\":\"Home\",\"item\":\"https:\\\/\\\/www.vialusitana.org\\\/en\\\/\"},{\"@type\":\"ListItem\",\"position\":2,\"name\":\"IV Confer\u00eance &#8216;On the Caminos de Santiago&#8217; in Grij\u00f3\"}]},{\"@type\":\"WebSite\",\"@id\":\"https:\\\/\\\/www.vialusitana.org\\\/en\\\/#website\",\"url\":\"https:\\\/\\\/www.vialusitana.org\\\/en\\\/\",\"name\":\"Via Lusitana\",\"description\":\"\",\"publisher\":{\"@id\":\"https:\\\/\\\/www.vialusitana.org\\\/en\\\/#organization\"},\"potentialAction\":[{\"@type\":\"SearchAction\",\"target\":{\"@type\":\"EntryPoint\",\"urlTemplate\":\"https:\\\/\\\/www.vialusitana.org\\\/en\\\/?s={search_term_string}\"},\"query-input\":{\"@type\":\"PropertyValueSpecification\",\"valueRequired\":true,\"valueName\":\"search_term_string\"}}],\"inLanguage\":\"en-US\"},{\"@type\":\"Organization\",\"@id\":\"https:\\\/\\\/www.vialusitana.org\\\/en\\\/#organization\",\"name\":\"Via Lusitana\",\"url\":\"https:\\\/\\\/www.vialusitana.org\\\/en\\\/\",\"logo\":{\"@type\":\"ImageObject\",\"inLanguage\":\"en-US\",\"@id\":\"https:\\\/\\\/www.vialusitana.org\\\/en\\\/#\\\/schema\\\/logo\\\/image\\\/\",\"url\":\"https:\\\/\\\/www.vialusitana.org\\\/wp-content\\\/uploads\\\/2024\\\/08\\\/apple-touch-icon.png\",\"contentUrl\":\"https:\\\/\\\/www.vialusitana.org\\\/wp-content\\\/uploads\\\/2024\\\/08\\\/apple-touch-icon.png\",\"width\":180,\"height\":180,\"caption\":\"Via Lusitana\"},\"image\":{\"@id\":\"https:\\\/\\\/www.vialusitana.org\\\/en\\\/#\\\/schema\\\/logo\\\/image\\\/\"},\"sameAs\":[\"https:\\\/\\\/www.facebook.com\\\/ViaLusitana\",\"https:\\\/\\\/www.instagram.com\\\/via_lusitana\\\/\"]},{\"@type\":\"Person\",\"@id\":\"https:\\\/\\\/www.vialusitana.org\\\/en\\\/#\\\/schema\\\/person\\\/974b0f5fc0d1f06d5bbaab9a6c2d4b7d\",\"name\":\"info@vialusitana.org\"}]}<\/script>\n<!-- \/ Yoast SEO plugin. -->","yoast_head_json":{"title":"IV Confer\u00eance 'On the Caminos de Santiago' in Grij\u00f3 - Via Lusitana","robots":{"index":"index","follow":"follow","max-snippet":"max-snippet:-1","max-image-preview":"max-image-preview:large","max-video-preview":"max-video-preview:-1"},"canonical":"https:\/\/www.vialusitana.org\/en\/iv-conference-on-the-caminos-de-santiago-in-grijo\/","og_locale":"en_US","og_type":"article","og_title":"IV Confer\u00eance 'On the Caminos de Santiago' in Grij\u00f3 - Via Lusitana","og_description":"The IV Conference &#8220;Pelos Caminhos de Santiago&#8221; will take place on December 14th, at the Monastery of Grij\u00f3, with free entry. Organized by the Confraria de Santiago, from the S\u00e3o Salvador de Grij\u00f3 parish, the conference will feature a series of debates and moments of sharing experiences about the spiritual and cultural journey of this [&hellip;]","og_url":"https:\/\/www.vialusitana.org\/en\/iv-conference-on-the-caminos-de-santiago-in-grijo\/","og_site_name":"Via Lusitana","article_publisher":"https:\/\/www.facebook.com\/ViaLusitana","article_published_time":"2024-12-11T10:49:51+00:00","article_modified_time":"2024-12-11T11:08:41+00:00","og_image":[{"width":1126,"height":732,"url":"https:\/\/www.vialusitana.org\/wp-content\/uploads\/2024\/12\/C.Oradores-2.jpeg","type":"image\/jpeg"}],"author":"info@vialusitana.org","twitter_card":"summary_large_image","twitter_misc":{"Written by":"info@vialusitana.org","Est. reading time":"2 minutes"},"schema":{"@context":"https:\/\/schema.org","@graph":[{"@type":"Article","@id":"https:\/\/www.vialusitana.org\/en\/iv-conference-on-the-caminos-de-santiago-in-grijo\/#article","isPartOf":{"@id":"https:\/\/www.vialusitana.org\/en\/iv-conference-on-the-caminos-de-santiago-in-grijo\/"},"author":{"name":"info@vialusitana.org","@id":"https:\/\/www.vialusitana.org\/en\/#\/schema\/person\/974b0f5fc0d1f06d5bbaab9a6c2d4b7d"},"headline":"IV Confer\u00eance &#8216;On the Caminos de Santiago&#8217; in Grij\u00f3","datePublished":"2024-12-11T10:49:51+00:00","dateModified":"2024-12-11T11:08:41+00:00","mainEntityOfPage":{"@id":"https:\/\/www.vialusitana.org\/en\/iv-conference-on-the-caminos-de-santiago-in-grijo\/"},"wordCount":264,"publisher":{"@id":"https:\/\/www.vialusitana.org\/en\/#organization"},"image":{"@id":"https:\/\/www.vialusitana.org\/en\/iv-conference-on-the-caminos-de-santiago-in-grijo\/#primaryimage"},"thumbnailUrl":"https:\/\/www.vialusitana.org\/wp-content\/uploads\/2024\/12\/C.Oradores-2.jpeg","inLanguage":"en-US"},{"@type":"WebPage","@id":"https:\/\/www.vialusitana.org\/en\/iv-conference-on-the-caminos-de-santiago-in-grijo\/","url":"https:\/\/www.vialusitana.org\/en\/iv-conference-on-the-caminos-de-santiago-in-grijo\/","name":"IV Confer\u00eance 'On the Caminos de Santiago' in Grij\u00f3 - Via Lusitana","isPartOf":{"@id":"https:\/\/www.vialusitana.org\/en\/#website"},"primaryImageOfPage":{"@id":"https:\/\/www.vialusitana.org\/en\/iv-conference-on-the-caminos-de-santiago-in-grijo\/#primaryimage"},"image":{"@id":"https:\/\/www.vialusitana.org\/en\/iv-conference-on-the-caminos-de-santiago-in-grijo\/#primaryimage"},"thumbnailUrl":"https:\/\/www.vialusitana.org\/wp-content\/uploads\/2024\/12\/C.Oradores-2.jpeg","datePublished":"2024-12-11T10:49:51+00:00","dateModified":"2024-12-11T11:08:41+00:00","breadcrumb":{"@id":"https:\/\/www.vialusitana.org\/en\/iv-conference-on-the-caminos-de-santiago-in-grijo\/#breadcrumb"},"inLanguage":"en-US","potentialAction":[{"@type":"ReadAction","target":["https:\/\/www.vialusitana.org\/en\/iv-conference-on-the-caminos-de-santiago-in-grijo\/"]}]},{"@type":"ImageObject","inLanguage":"en-US","@id":"https:\/\/www.vialusitana.org\/en\/iv-conference-on-the-caminos-de-santiago-in-grijo\/#primaryimage","url":"https:\/\/www.vialusitana.org\/wp-content\/uploads\/2024\/12\/C.Oradores-2.jpeg","contentUrl":"https:\/\/www.vialusitana.org\/wp-content\/uploads\/2024\/12\/C.Oradores-2.jpeg","width":1126,"height":732},{"@type":"BreadcrumbList","@id":"https:\/\/www.vialusitana.org\/en\/iv-conference-on-the-caminos-de-santiago-in-grijo\/#breadcrumb","itemListElement":[{"@type":"ListItem","position":1,"name":"Home","item":"https:\/\/www.vialusitana.org\/en\/"},{"@type":"ListItem","position":2,"name":"IV Confer\u00eance &#8216;On the Caminos de Santiago&#8217; in Grij\u00f3"}]},{"@type":"WebSite","@id":"https:\/\/www.vialusitana.org\/en\/#website","url":"https:\/\/www.vialusitana.org\/en\/","name":"Via Lusitana","description":"","publisher":{"@id":"https:\/\/www.vialusitana.org\/en\/#organization"},"potentialAction":[{"@type":"SearchAction","target":{"@type":"EntryPoint","urlTemplate":"https:\/\/www.vialusitana.org\/en\/?s={search_term_string}"},"query-input":{"@type":"PropertyValueSpecification","valueRequired":true,"valueName":"search_term_string"}}],"inLanguage":"en-US"},{"@type":"Organization","@id":"https:\/\/www.vialusitana.org\/en\/#organization","name":"Via Lusitana","url":"https:\/\/www.vialusitana.org\/en\/","logo":{"@type":"ImageObject","inLanguage":"en-US","@id":"https:\/\/www.vialusitana.org\/en\/#\/schema\/logo\/image\/","url":"https:\/\/www.vialusitana.org\/wp-content\/uploads\/2024\/08\/apple-touch-icon.png","contentUrl":"https:\/\/www.vialusitana.org\/wp-content\/uploads\/2024\/08\/apple-touch-icon.png","width":180,"height":180,"caption":"Via Lusitana"},"image":{"@id":"https:\/\/www.vialusitana.org\/en\/#\/schema\/logo\/image\/"},"sameAs":["https:\/\/www.facebook.com\/ViaLusitana","https:\/\/www.instagram.com\/via_lusitana\/"]},{"@type":"Person","@id":"https:\/\/www.vialusitana.org\/en\/#\/schema\/person\/974b0f5fc0d1f06d5bbaab9a6c2d4b7d","name":"info@vialusitana.org"}]}},"_links":{"self":[{"href":"https:\/\/www.vialusitana.org\/en\/wp-json\/wp\/v2\/posts\/4305","targetHints":{"allow":["GET"]}}],"collection":[{"href":"https:\/\/www.vialusitana.org\/en\/wp-json\/wp\/v2\/posts"}],"about":[{"href":"https:\/\/www.vialusitana.org\/en\/wp-json\/wp\/v2\/types\/post"}],"author":[{"embeddable":true,"href":"https:\/\/www.vialusitana.org\/en\/wp-json\/wp\/v2\/users\/3"}],"replies":[{"embeddable":true,"href":"https:\/\/www.vialusitana.org\/en\/wp-json\/wp\/v2\/comments?post=4305"}],"version-history":[{"count":4,"href":"https:\/\/www.vialusitana.org\/en\/wp-json\/wp\/v2\/posts\/4305\/revisions"}],"predecessor-version":[{"id":4310,"href":"https:\/\/www.vialusitana.org\/en\/wp-json\/wp\/v2\/posts\/4305\/revisions\/4310"}],"wp:featuredmedia":[{"embeddable":true,"href":"https:\/\/www.vialusitana.org\/en\/wp-json\/wp\/v2\/media\/4300"}],"wp:attachment":[{"href":"https:\/\/www.vialusitana.org\/en\/wp-json\/wp\/v2\/media?parent=4305"}],"wp:term":[{"taxonomy":"category","embeddable":true,"href":"https:\/\/www.vialusitana.org\/en\/wp-json\/wp\/v2\/categories?post=4305"},{"taxonomy":"post_tag","embeddable":true,"href":"https:\/\/www.vialusitana.org\/en\/wp-json\/wp\/v2\/tags?post=4305"}],"curies":[{"name":"wp","href":"https:\/\/api.w.org\/{rel}","templated":true}]}}