{"id":3960,"date":"2024-10-26T20:06:24","date_gmt":"2024-10-26T20:06:24","guid":{"rendered":"https:\/\/www.vialusitana.org\/encontro-caminhos-de-santiago-ultreia-sudoe-promove-cooperacao-e-turismo-sustentavel\/"},"modified":"2024-12-15T21:27:54","modified_gmt":"2024-12-15T21:27:54","slug":"caminos-de-santiago-ultreia-sudoe-meeting-promotes-cooperation-and-sustainable-tourism","status":"publish","type":"post","link":"https:\/\/www.vialusitana.org\/en\/caminos-de-santiago-ultreia-sudoe-meeting-promotes-cooperation-and-sustainable-tourism\/","title":{"rendered":"\u201cCaminos de Santiago \u2013 Ultreia Sudoe\u201d meeting promotes cooperation and sustainable tourism"},"content":{"rendered":"<div class=\"flex-1 overflow-hidden\">\n<div class=\"h-full\">\n<div class=\"react-scroll-to-bottom--css-jsbdx-79elbk h-full\">\n<div class=\"react-scroll-to-bottom--css-jsbdx-1n7m0yu\">\n<div class=\"flex flex-col text-sm md:pb-9\">\n<article class=\"w-full text-token-text-primary focus-visible:outline-2 focus-visible:outline-offset-[-4px]\" dir=\"auto\" data-testid=\"conversation-turn-189\" data-scroll-anchor=\"true\">\n<div class=\"m-auto text-base py-[18px] px-3 md:px-4 w-full md:px-5 lg:px-4 xl:px-5\">\n<div class=\"mx-auto flex flex-1 gap-4 text-base md:gap-5 lg:gap-6 md:max-w-3xl lg:max-w-[40rem] xl:max-w-[48rem]\">\n<div class=\"group\/conversation-turn relative flex w-full min-w-0 flex-col agent-turn\">\n<div class=\"flex-col gap-1 md:gap-3\">\n<div class=\"flex max-w-full flex-col flex-grow\">\n<div class=\"min-h-8 text-message flex w-full flex-col items-end gap-2 whitespace-normal break-words [.text-message+&amp;]:mt-5\" dir=\"auto\" data-message-author-role=\"assistant\" data-message-id=\"7a93d7d3-987b-4912-a971-f3e4eb90cbe2\" data-message-model-slug=\"gpt-4o\">\n<div class=\"flex w-full flex-col gap-1 empty:hidden first:pt-[3px]\">\n<div class=\"markdown prose w-full break-words dark:prose-invert light\">\n<p><strong>The \u201cCaminos de Santiago \u2013 Ultreia Sudoe\u201d meeting took place on October 15 and 16 in <\/strong><em><strong>Pedras Salgadas<\/strong><\/em>, bringing together representatives from various organizations in Portugal, Spain, and France to discuss strategies for cooperation and sustainable development along the <em>Camino de Santiago<\/em>. Participants included the <em>Fundaci\u00f3n Camino Lebaniego<\/em>, the <em>Associa\u00e7\u00e3o de Munic\u00edpios do Caminho de Santiago<\/em>, the <em>Fundaci\u00f3n Santa Mar\u00eda la Real<\/em>, the <em>Agence Fran\u00e7aise des Chemins de Compostelle<\/em>, the <em>Amica <\/em>Association, the Municipality of <em>Vila Pouca de Aguiar<\/em>, NOVA University of Lisbon, and other representatives.<\/p>\n<p><strong>The meeting resulted in several concrete actions to be implemented to improve accessibility, safety, and promotion of the <\/strong><em><strong>Camino<\/strong><\/em><strong>. Highlights included the launch of new digital tools and awareness campaigns for more sustainable tourism. Future meetings were scheduled to monitor progress and continue cooperative efforts across the regions.<\/strong><\/p>\n<p><strong>Accessibility<\/strong> on the <em>Camino<\/em> was one of the main topics, with the <em>Amica <\/em>Association\u00a0proposing a new guide to make the route accessible to people with reduced mobility or physical and intellectual limitations. <em>Vila Pouca de Aguiar<\/em> stood out for already offering accessible infrastructure, such as the<em>\u00a0Sabroso Albergue,<\/em> the Welcome Center, and the <em>Parque das Pedras<\/em>.<\/p>\n<p>Another important point was the promotion of <strong>sustainable tourism<\/strong>. The integration and participation of the local community were emphasized, aiming not only to ensure the comfort of pilgrims but also to revitalize the economic and cultural aspects of the areas along the route. <em>Xacobeo S.A.<\/em> highlighted the importance of <em>Vila Pouca de Aguiar<\/em> as a strategic point on the European route, despite its small size.<\/p>\n<p>The creation of <strong>development hubs<\/strong> along the route was also discussed to stimulate the local economy, with a focus on cultural attractions and regional gastronomy. Under the motto \u201cWhat to visit, what to taste,\u201d organizers hope pilgrims will discover local heritage and contribute to a circular economy.<\/p>\n<p>The implementation of a <strong>digital platform<\/strong> was deemed essential to centralize information about the <em>Camino<\/em> and the regions it traverses. This tool will include online sales of local products, with direct shipping to visitors, modernizing the experience.<\/p>\n<p>&nbsp;<\/p>\n<p><strong>Source:<\/strong> <a href=\"https:\/\/gazetarural.com\/encontro-caminhos-de-santiago-ultreia-sudoe-reforca-a-cooperacao-transfronteirica-e-promove-o-turismo-sustentavel\/\" target=\"_blank\" rel=\"noopener\">Gazeta Rural<\/a><\/p>\n<\/div>\n<\/div>\n<\/div>\n<\/div>\n<\/div>\n<\/div>\n<\/div>\n<\/div>\n<\/article>\n<\/div>\n<\/div>\n<\/div>\n<\/div>\n<\/div>\n","protected":false},"excerpt":{"rendered":"<p>The \u201cCaminos de Santiago \u2013 Ultreia Sudoe\u201d meeting took place on October 15 and 16 in Pedras Salgadas, bringing together representatives from various organizations in Portugal, Spain, and France to discuss strategies for cooperation and sustainable development along the Camino de Santiago. Participants included the Fundaci\u00f3n Camino Lebaniego, the Associa\u00e7\u00e3o de Munic\u00edpios do Caminho de [&hellip;]<\/p>\n","protected":false},"author":3,"featured_media":3739,"comment_status":"closed","ping_status":"closed","sticky":false,"template":"","format":"standard","meta":{"_acf_changed":false,"footnotes":""},"categories":[4],"tags":[],"class_list":["post-3960","post","type-post","status-publish","format-standard","has-post-thumbnail","hentry","category-uncategorized"],"acf":{"image_1":"","image_2":"","image_3":"","image_4":"","image_5":""},"yoast_head":"<!-- This site is optimized with the Yoast SEO plugin v27.4 - https:\/\/yoast.com\/product\/yoast-seo-wordpress\/ -->\n<title>\u201cCaminos de Santiago \u2013 Ultreia Sudoe\u201d meeting promotes cooperation and sustainable tourism - Via Lusitana<\/title>\n<meta name=\"robots\" content=\"index, follow, max-snippet:-1, max-image-preview:large, max-video-preview:-1\" \/>\n<link rel=\"canonical\" href=\"https:\/\/www.vialusitana.org\/en\/caminos-de-santiago-ultreia-sudoe-meeting-promotes-cooperation-and-sustainable-tourism\/\" \/>\n<meta property=\"og:locale\" content=\"en_US\" \/>\n<meta property=\"og:type\" content=\"article\" \/>\n<meta property=\"og:title\" content=\"\u201cCaminos de Santiago \u2013 Ultreia Sudoe\u201d meeting promotes cooperation and sustainable tourism - Via Lusitana\" \/>\n<meta property=\"og:description\" content=\"The \u201cCaminos de Santiago \u2013 Ultreia Sudoe\u201d meeting took place on October 15 and 16 in Pedras Salgadas, bringing together representatives from various organizations in Portugal, Spain, and France to discuss strategies for cooperation and sustainable development along the Camino de Santiago. Participants included the Fundaci\u00f3n Camino Lebaniego, the Associa\u00e7\u00e3o de Munic\u00edpios do Caminho de [&hellip;]\" \/>\n<meta property=\"og:url\" content=\"https:\/\/www.vialusitana.org\/en\/caminos-de-santiago-ultreia-sudoe-meeting-promotes-cooperation-and-sustainable-tourism\/\" \/>\n<meta property=\"og:site_name\" content=\"Via Lusitana\" \/>\n<meta property=\"article:publisher\" content=\"https:\/\/www.facebook.com\/ViaLusitana\" \/>\n<meta property=\"article:published_time\" content=\"2024-10-26T20:06:24+00:00\" \/>\n<meta property=\"article:modified_time\" content=\"2024-12-15T21:27:54+00:00\" \/>\n<meta property=\"og:image\" content=\"https:\/\/www.vialusitana.org\/wp-content\/uploads\/2024\/10\/FSMLR-UltreiaSUDOE-Pt-scaled-1.webp\" \/>\n\t<meta property=\"og:image:width\" content=\"2048\" \/>\n\t<meta property=\"og:image:height\" content=\"1536\" \/>\n\t<meta property=\"og:image:type\" content=\"image\/webp\" \/>\n<meta name=\"author\" content=\"info@vialusitana.org\" \/>\n<meta name=\"twitter:card\" content=\"summary_large_image\" \/>\n<meta name=\"twitter:label1\" content=\"Written by\" \/>\n\t<meta name=\"twitter:data1\" content=\"info@vialusitana.org\" \/>\n\t<meta name=\"twitter:label2\" content=\"Est. reading time\" \/>\n\t<meta name=\"twitter:data2\" content=\"2 minutes\" \/>\n<script type=\"application\/ld+json\" class=\"yoast-schema-graph\">{\"@context\":\"https:\\\/\\\/schema.org\",\"@graph\":[{\"@type\":\"Article\",\"@id\":\"https:\\\/\\\/www.vialusitana.org\\\/en\\\/caminos-de-santiago-ultreia-sudoe-meeting-promotes-cooperation-and-sustainable-tourism\\\/#article\",\"isPartOf\":{\"@id\":\"https:\\\/\\\/www.vialusitana.org\\\/en\\\/caminos-de-santiago-ultreia-sudoe-meeting-promotes-cooperation-and-sustainable-tourism\\\/\"},\"author\":{\"name\":\"info@vialusitana.org\",\"@id\":\"https:\\\/\\\/www.vialusitana.org\\\/en\\\/#\\\/schema\\\/person\\\/974b0f5fc0d1f06d5bbaab9a6c2d4b7d\"},\"headline\":\"\u201cCaminos de Santiago \u2013 Ultreia Sudoe\u201d meeting promotes cooperation and sustainable tourism\",\"datePublished\":\"2024-10-26T20:06:24+00:00\",\"dateModified\":\"2024-12-15T21:27:54+00:00\",\"mainEntityOfPage\":{\"@id\":\"https:\\\/\\\/www.vialusitana.org\\\/en\\\/caminos-de-santiago-ultreia-sudoe-meeting-promotes-cooperation-and-sustainable-tourism\\\/\"},\"wordCount\":359,\"publisher\":{\"@id\":\"https:\\\/\\\/www.vialusitana.org\\\/en\\\/#organization\"},\"image\":{\"@id\":\"https:\\\/\\\/www.vialusitana.org\\\/en\\\/caminos-de-santiago-ultreia-sudoe-meeting-promotes-cooperation-and-sustainable-tourism\\\/#primaryimage\"},\"thumbnailUrl\":\"https:\\\/\\\/www.vialusitana.org\\\/wp-content\\\/uploads\\\/2024\\\/10\\\/FSMLR-UltreiaSUDOE-Pt-scaled-1.webp\",\"inLanguage\":\"en-US\"},{\"@type\":\"WebPage\",\"@id\":\"https:\\\/\\\/www.vialusitana.org\\\/en\\\/caminos-de-santiago-ultreia-sudoe-meeting-promotes-cooperation-and-sustainable-tourism\\\/\",\"url\":\"https:\\\/\\\/www.vialusitana.org\\\/en\\\/caminos-de-santiago-ultreia-sudoe-meeting-promotes-cooperation-and-sustainable-tourism\\\/\",\"name\":\"\u201cCaminos de Santiago \u2013 Ultreia Sudoe\u201d meeting promotes cooperation and sustainable tourism - Via Lusitana\",\"isPartOf\":{\"@id\":\"https:\\\/\\\/www.vialusitana.org\\\/en\\\/#website\"},\"primaryImageOfPage\":{\"@id\":\"https:\\\/\\\/www.vialusitana.org\\\/en\\\/caminos-de-santiago-ultreia-sudoe-meeting-promotes-cooperation-and-sustainable-tourism\\\/#primaryimage\"},\"image\":{\"@id\":\"https:\\\/\\\/www.vialusitana.org\\\/en\\\/caminos-de-santiago-ultreia-sudoe-meeting-promotes-cooperation-and-sustainable-tourism\\\/#primaryimage\"},\"thumbnailUrl\":\"https:\\\/\\\/www.vialusitana.org\\\/wp-content\\\/uploads\\\/2024\\\/10\\\/FSMLR-UltreiaSUDOE-Pt-scaled-1.webp\",\"datePublished\":\"2024-10-26T20:06:24+00:00\",\"dateModified\":\"2024-12-15T21:27:54+00:00\",\"breadcrumb\":{\"@id\":\"https:\\\/\\\/www.vialusitana.org\\\/en\\\/caminos-de-santiago-ultreia-sudoe-meeting-promotes-cooperation-and-sustainable-tourism\\\/#breadcrumb\"},\"inLanguage\":\"en-US\",\"potentialAction\":[{\"@type\":\"ReadAction\",\"target\":[\"https:\\\/\\\/www.vialusitana.org\\\/en\\\/caminos-de-santiago-ultreia-sudoe-meeting-promotes-cooperation-and-sustainable-tourism\\\/\"]}]},{\"@type\":\"ImageObject\",\"inLanguage\":\"en-US\",\"@id\":\"https:\\\/\\\/www.vialusitana.org\\\/en\\\/caminos-de-santiago-ultreia-sudoe-meeting-promotes-cooperation-and-sustainable-tourism\\\/#primaryimage\",\"url\":\"https:\\\/\\\/www.vialusitana.org\\\/wp-content\\\/uploads\\\/2024\\\/10\\\/FSMLR-UltreiaSUDOE-Pt-scaled-1.webp\",\"contentUrl\":\"https:\\\/\\\/www.vialusitana.org\\\/wp-content\\\/uploads\\\/2024\\\/10\\\/FSMLR-UltreiaSUDOE-Pt-scaled-1.webp\",\"width\":2048,\"height\":1536},{\"@type\":\"BreadcrumbList\",\"@id\":\"https:\\\/\\\/www.vialusitana.org\\\/en\\\/caminos-de-santiago-ultreia-sudoe-meeting-promotes-cooperation-and-sustainable-tourism\\\/#breadcrumb\",\"itemListElement\":[{\"@type\":\"ListItem\",\"position\":1,\"name\":\"Home\",\"item\":\"https:\\\/\\\/www.vialusitana.org\\\/en\\\/\"},{\"@type\":\"ListItem\",\"position\":2,\"name\":\"\u201cCaminos de Santiago \u2013 Ultreia Sudoe\u201d meeting promotes cooperation and sustainable tourism\"}]},{\"@type\":\"WebSite\",\"@id\":\"https:\\\/\\\/www.vialusitana.org\\\/en\\\/#website\",\"url\":\"https:\\\/\\\/www.vialusitana.org\\\/en\\\/\",\"name\":\"Via Lusitana\",\"description\":\"\",\"publisher\":{\"@id\":\"https:\\\/\\\/www.vialusitana.org\\\/en\\\/#organization\"},\"potentialAction\":[{\"@type\":\"SearchAction\",\"target\":{\"@type\":\"EntryPoint\",\"urlTemplate\":\"https:\\\/\\\/www.vialusitana.org\\\/en\\\/?s={search_term_string}\"},\"query-input\":{\"@type\":\"PropertyValueSpecification\",\"valueRequired\":true,\"valueName\":\"search_term_string\"}}],\"inLanguage\":\"en-US\"},{\"@type\":\"Organization\",\"@id\":\"https:\\\/\\\/www.vialusitana.org\\\/en\\\/#organization\",\"name\":\"Via Lusitana\",\"url\":\"https:\\\/\\\/www.vialusitana.org\\\/en\\\/\",\"logo\":{\"@type\":\"ImageObject\",\"inLanguage\":\"en-US\",\"@id\":\"https:\\\/\\\/www.vialusitana.org\\\/en\\\/#\\\/schema\\\/logo\\\/image\\\/\",\"url\":\"https:\\\/\\\/www.vialusitana.org\\\/wp-content\\\/uploads\\\/2024\\\/08\\\/apple-touch-icon.png\",\"contentUrl\":\"https:\\\/\\\/www.vialusitana.org\\\/wp-content\\\/uploads\\\/2024\\\/08\\\/apple-touch-icon.png\",\"width\":180,\"height\":180,\"caption\":\"Via Lusitana\"},\"image\":{\"@id\":\"https:\\\/\\\/www.vialusitana.org\\\/en\\\/#\\\/schema\\\/logo\\\/image\\\/\"},\"sameAs\":[\"https:\\\/\\\/www.facebook.com\\\/ViaLusitana\",\"https:\\\/\\\/www.instagram.com\\\/via_lusitana\\\/\"]},{\"@type\":\"Person\",\"@id\":\"https:\\\/\\\/www.vialusitana.org\\\/en\\\/#\\\/schema\\\/person\\\/974b0f5fc0d1f06d5bbaab9a6c2d4b7d\",\"name\":\"info@vialusitana.org\"}]}<\/script>\n<!-- \/ Yoast SEO plugin. -->","yoast_head_json":{"title":"\u201cCaminos de Santiago \u2013 Ultreia Sudoe\u201d meeting promotes cooperation and sustainable tourism - Via Lusitana","robots":{"index":"index","follow":"follow","max-snippet":"max-snippet:-1","max-image-preview":"max-image-preview:large","max-video-preview":"max-video-preview:-1"},"canonical":"https:\/\/www.vialusitana.org\/en\/caminos-de-santiago-ultreia-sudoe-meeting-promotes-cooperation-and-sustainable-tourism\/","og_locale":"en_US","og_type":"article","og_title":"\u201cCaminos de Santiago \u2013 Ultreia Sudoe\u201d meeting promotes cooperation and sustainable tourism - Via Lusitana","og_description":"The \u201cCaminos de Santiago \u2013 Ultreia Sudoe\u201d meeting took place on October 15 and 16 in Pedras Salgadas, bringing together representatives from various organizations in Portugal, Spain, and France to discuss strategies for cooperation and sustainable development along the Camino de Santiago. Participants included the Fundaci\u00f3n Camino Lebaniego, the Associa\u00e7\u00e3o de Munic\u00edpios do Caminho de [&hellip;]","og_url":"https:\/\/www.vialusitana.org\/en\/caminos-de-santiago-ultreia-sudoe-meeting-promotes-cooperation-and-sustainable-tourism\/","og_site_name":"Via Lusitana","article_publisher":"https:\/\/www.facebook.com\/ViaLusitana","article_published_time":"2024-10-26T20:06:24+00:00","article_modified_time":"2024-12-15T21:27:54+00:00","og_image":[{"width":2048,"height":1536,"url":"https:\/\/www.vialusitana.org\/wp-content\/uploads\/2024\/10\/FSMLR-UltreiaSUDOE-Pt-scaled-1.webp","type":"image\/webp"}],"author":"info@vialusitana.org","twitter_card":"summary_large_image","twitter_misc":{"Written by":"info@vialusitana.org","Est. reading time":"2 minutes"},"schema":{"@context":"https:\/\/schema.org","@graph":[{"@type":"Article","@id":"https:\/\/www.vialusitana.org\/en\/caminos-de-santiago-ultreia-sudoe-meeting-promotes-cooperation-and-sustainable-tourism\/#article","isPartOf":{"@id":"https:\/\/www.vialusitana.org\/en\/caminos-de-santiago-ultreia-sudoe-meeting-promotes-cooperation-and-sustainable-tourism\/"},"author":{"name":"info@vialusitana.org","@id":"https:\/\/www.vialusitana.org\/en\/#\/schema\/person\/974b0f5fc0d1f06d5bbaab9a6c2d4b7d"},"headline":"\u201cCaminos de Santiago \u2013 Ultreia Sudoe\u201d meeting promotes cooperation and sustainable tourism","datePublished":"2024-10-26T20:06:24+00:00","dateModified":"2024-12-15T21:27:54+00:00","mainEntityOfPage":{"@id":"https:\/\/www.vialusitana.org\/en\/caminos-de-santiago-ultreia-sudoe-meeting-promotes-cooperation-and-sustainable-tourism\/"},"wordCount":359,"publisher":{"@id":"https:\/\/www.vialusitana.org\/en\/#organization"},"image":{"@id":"https:\/\/www.vialusitana.org\/en\/caminos-de-santiago-ultreia-sudoe-meeting-promotes-cooperation-and-sustainable-tourism\/#primaryimage"},"thumbnailUrl":"https:\/\/www.vialusitana.org\/wp-content\/uploads\/2024\/10\/FSMLR-UltreiaSUDOE-Pt-scaled-1.webp","inLanguage":"en-US"},{"@type":"WebPage","@id":"https:\/\/www.vialusitana.org\/en\/caminos-de-santiago-ultreia-sudoe-meeting-promotes-cooperation-and-sustainable-tourism\/","url":"https:\/\/www.vialusitana.org\/en\/caminos-de-santiago-ultreia-sudoe-meeting-promotes-cooperation-and-sustainable-tourism\/","name":"\u201cCaminos de Santiago \u2013 Ultreia Sudoe\u201d meeting promotes cooperation and sustainable tourism - Via Lusitana","isPartOf":{"@id":"https:\/\/www.vialusitana.org\/en\/#website"},"primaryImageOfPage":{"@id":"https:\/\/www.vialusitana.org\/en\/caminos-de-santiago-ultreia-sudoe-meeting-promotes-cooperation-and-sustainable-tourism\/#primaryimage"},"image":{"@id":"https:\/\/www.vialusitana.org\/en\/caminos-de-santiago-ultreia-sudoe-meeting-promotes-cooperation-and-sustainable-tourism\/#primaryimage"},"thumbnailUrl":"https:\/\/www.vialusitana.org\/wp-content\/uploads\/2024\/10\/FSMLR-UltreiaSUDOE-Pt-scaled-1.webp","datePublished":"2024-10-26T20:06:24+00:00","dateModified":"2024-12-15T21:27:54+00:00","breadcrumb":{"@id":"https:\/\/www.vialusitana.org\/en\/caminos-de-santiago-ultreia-sudoe-meeting-promotes-cooperation-and-sustainable-tourism\/#breadcrumb"},"inLanguage":"en-US","potentialAction":[{"@type":"ReadAction","target":["https:\/\/www.vialusitana.org\/en\/caminos-de-santiago-ultreia-sudoe-meeting-promotes-cooperation-and-sustainable-tourism\/"]}]},{"@type":"ImageObject","inLanguage":"en-US","@id":"https:\/\/www.vialusitana.org\/en\/caminos-de-santiago-ultreia-sudoe-meeting-promotes-cooperation-and-sustainable-tourism\/#primaryimage","url":"https:\/\/www.vialusitana.org\/wp-content\/uploads\/2024\/10\/FSMLR-UltreiaSUDOE-Pt-scaled-1.webp","contentUrl":"https:\/\/www.vialusitana.org\/wp-content\/uploads\/2024\/10\/FSMLR-UltreiaSUDOE-Pt-scaled-1.webp","width":2048,"height":1536},{"@type":"BreadcrumbList","@id":"https:\/\/www.vialusitana.org\/en\/caminos-de-santiago-ultreia-sudoe-meeting-promotes-cooperation-and-sustainable-tourism\/#breadcrumb","itemListElement":[{"@type":"ListItem","position":1,"name":"Home","item":"https:\/\/www.vialusitana.org\/en\/"},{"@type":"ListItem","position":2,"name":"\u201cCaminos de Santiago \u2013 Ultreia Sudoe\u201d meeting promotes cooperation and sustainable tourism"}]},{"@type":"WebSite","@id":"https:\/\/www.vialusitana.org\/en\/#website","url":"https:\/\/www.vialusitana.org\/en\/","name":"Via Lusitana","description":"","publisher":{"@id":"https:\/\/www.vialusitana.org\/en\/#organization"},"potentialAction":[{"@type":"SearchAction","target":{"@type":"EntryPoint","urlTemplate":"https:\/\/www.vialusitana.org\/en\/?s={search_term_string}"},"query-input":{"@type":"PropertyValueSpecification","valueRequired":true,"valueName":"search_term_string"}}],"inLanguage":"en-US"},{"@type":"Organization","@id":"https:\/\/www.vialusitana.org\/en\/#organization","name":"Via Lusitana","url":"https:\/\/www.vialusitana.org\/en\/","logo":{"@type":"ImageObject","inLanguage":"en-US","@id":"https:\/\/www.vialusitana.org\/en\/#\/schema\/logo\/image\/","url":"https:\/\/www.vialusitana.org\/wp-content\/uploads\/2024\/08\/apple-touch-icon.png","contentUrl":"https:\/\/www.vialusitana.org\/wp-content\/uploads\/2024\/08\/apple-touch-icon.png","width":180,"height":180,"caption":"Via Lusitana"},"image":{"@id":"https:\/\/www.vialusitana.org\/en\/#\/schema\/logo\/image\/"},"sameAs":["https:\/\/www.facebook.com\/ViaLusitana","https:\/\/www.instagram.com\/via_lusitana\/"]},{"@type":"Person","@id":"https:\/\/www.vialusitana.org\/en\/#\/schema\/person\/974b0f5fc0d1f06d5bbaab9a6c2d4b7d","name":"info@vialusitana.org"}]}},"_links":{"self":[{"href":"https:\/\/www.vialusitana.org\/en\/wp-json\/wp\/v2\/posts\/3960","targetHints":{"allow":["GET"]}}],"collection":[{"href":"https:\/\/www.vialusitana.org\/en\/wp-json\/wp\/v2\/posts"}],"about":[{"href":"https:\/\/www.vialusitana.org\/en\/wp-json\/wp\/v2\/types\/post"}],"author":[{"embeddable":true,"href":"https:\/\/www.vialusitana.org\/en\/wp-json\/wp\/v2\/users\/3"}],"replies":[{"embeddable":true,"href":"https:\/\/www.vialusitana.org\/en\/wp-json\/wp\/v2\/comments?post=3960"}],"version-history":[{"count":4,"href":"https:\/\/www.vialusitana.org\/en\/wp-json\/wp\/v2\/posts\/3960\/revisions"}],"predecessor-version":[{"id":4346,"href":"https:\/\/www.vialusitana.org\/en\/wp-json\/wp\/v2\/posts\/3960\/revisions\/4346"}],"wp:featuredmedia":[{"embeddable":true,"href":"https:\/\/www.vialusitana.org\/en\/wp-json\/wp\/v2\/media\/3739"}],"wp:attachment":[{"href":"https:\/\/www.vialusitana.org\/en\/wp-json\/wp\/v2\/media?parent=3960"}],"wp:term":[{"taxonomy":"category","embeddable":true,"href":"https:\/\/www.vialusitana.org\/en\/wp-json\/wp\/v2\/categories?post=3960"},{"taxonomy":"post_tag","embeddable":true,"href":"https:\/\/www.vialusitana.org\/en\/wp-json\/wp\/v2\/tags?post=3960"}],"curies":[{"name":"wp","href":"https:\/\/api.w.org\/{rel}","templated":true}]}}