{"id":3956,"date":"2024-10-04T11:47:55","date_gmt":"2024-10-04T11:47:55","guid":{"rendered":"https:\/\/www.vialusitana.org\/13-outubro-dia-nacional-do-pergerino\/"},"modified":"2024-12-15T21:37:52","modified_gmt":"2024-12-15T21:37:52","slug":"october-13-national-pilgrim-day","status":"publish","type":"post","link":"https:\/\/www.vialusitana.org\/en\/october-13-national-pilgrim-day\/","title":{"rendered":"October 13 | National Pilgrim Day"},"content":{"rendered":"<p><strong><em>Guimar\u00e3es<\/em> and <em>Barcelos<\/em> mark the date with free activities for everyone over the weekend, with mandatory registration.<\/strong><\/p>\n<p>&nbsp;<\/p>\n<p class=\"p4\"><span class=\"s1\"><a href=\"https:\/\/www.visitguimaraes.travel\/planear-a-visita\/eventos\/geo_evento\/dia-do-peregrino-2024\" target=\"_blank\" rel=\"noopener\"><b>GUIMAR\u00c3ES<\/b><\/a><b><br \/>\n<\/b><\/span>The celebrations, in collaboration with the <em>Associa\u00e7\u00e3o Espa\u00e7o Jacobeus<\/em>, take place within the framework of the Management Plan for the<em>\u00a0Torres <\/em>Route, which crosses a vast area of the Municipality.<\/p>\n<p class=\"p6\"><b><span style=\"color: #ff0000;\">&gt;<\/span> <strong>October 12 | Saturday<\/strong><br \/>\n<\/b>Tour of sites of interest related to the <em>Caminos de Santiago<\/em>: Church of <em>S\u00e3o Francisco<\/em> and Church of <em>Nossa Senhora da Oliveira<\/em><\/p>\n<p class=\"p6\"><strong>4:00 PM<\/strong> &#8211;<span class=\"Apple-converted-space\"> Inauguration of the photography exhibition \u201cShutter on the Camino\u201d<\/span><br \/>\nLocation: Headquarters of the Union of Parishes of <em>Oliveira<\/em>, <em>S\u00e3o Paio<\/em>, and <em>S\u00e3o Sebasti\u00e3o<\/em><\/p>\n<p class=\"p6\"><strong>9:00 PM<\/strong> &#8211; Screening of the film \u201c12 on the <em>Camino<\/em>\u201d<br \/>\nLocation: <em>C\u00edrculo de Arte e Recreio<\/em><\/p>\n<p>&#8211; &#8211; &#8211;<\/p>\n<p class=\"p4\"><span class=\"s1\"><b><span style=\"color: #ff0000;\">&gt;<\/span> <\/b><\/span><strong>October 13| Sunday<\/strong><\/p>\n<p><strong>9:00 AM<\/strong> \u2013 Meeting point at the Tourism Office in <em>Pra\u00e7a de S\u00e3o Tiago<\/em><\/p>\n<p><strong>10:00 AM<\/strong> \u2013 Walk along a section of the Torres Route in <em>Guimar\u00e3es<\/em> (starting from the &#8220;<em>Monumento Caminho&#8221;<\/em> to <em>Largo da Oliveira<\/em>)<\/p>\n<p><strong>12:00 PM<\/strong> \u2013 Solemn Pilgrim Mass at the Church of <em>Nossa Senhora da Oliveira<\/em><\/p>\n<p><strong>1:00 PM<\/strong> \u2013 Community lunch in the garden of the Tourism Office<\/p>\n<p>&#8211; &#8211; &#8211;<\/p>\n<p class=\"p6\">REGISTRATION <a href=\"https:\/\/www.visitguimaraes.travel\/inscricoes\/\" target=\"_blank\" rel=\"noopener\">HERE<\/a><\/p>\n<p>&nbsp;<\/p>\n<p class=\"p4\"><span class=\"s1\"><b><a href=\"https:\/\/agenda.barcelos.pt\/evento\/dia-nacional-do-peregrino-3346\" target=\"_blank\" rel=\"noopener\">BARCELOS<\/a><\/b><\/span><\/p>\n<p class=\"p6\"><b><span style=\"color: #ff0000;\">&gt;<\/span> <\/b><strong>October 12 | Saturday<\/strong><\/p>\n<p class=\"p8\"><span class=\"s1\"><strong>5:00 PM<\/strong> \u2013 Presentation of the project \u201cEchoes of the Camino\u201d \u2013 Oliveira\u2019s Musical Band<br \/>\n<\/span>Location: <em>Sal\u00e3o Nobre dos Pa\u00e7os do Concelho <\/em>(Noble Hall of the City Hall)<\/p>\n<p class=\"p8\"><span class=\"s1\"><strong>9:00 PM<\/strong> \u2013 Book presentation: \u201cI don\u2019t feel like a pilgrim. Has the essence of the Camino de Santiago ended?\u201d by Marcelo Ramalho<br \/>\n<\/span><span class=\"s1\">Location: <em>Casa da Azenha<\/em><\/span><\/p>\n<p>&#8211; &#8211; &#8211;<\/p>\n<p class=\"p10\"><span class=\"s1\"><b><span style=\"color: #ff0000;\">&gt;<\/span> <strong>October 13 | Sunday<br \/>\n<\/strong><\/b><\/span>Collective Pilgrimage \u2013 Central Portuguese Camino (<em>Porto<\/em> and North)<\/p>\n<p><strong>8:00 AM<\/strong> \u2013 Meeting point: Monastery of <em>Vair\u00e3o<\/em><\/p>\n<p><strong>12:15 PM<\/strong> \u2013 Stop at the Pilgrim Park of <em>Macieira de Rates<\/em><\/p>\n<p class=\"p11\"><span class=\"s1\"><strong>2:00 PM<\/strong> \u2013 \u201cFeel the Camino\u201d<br \/>\n<\/span><span class=\"s1\">Location: <em>Pedra Furada<\/em> Restaurant<\/span><\/p>\n<p class=\"p11\"><span class=\"s1\"><strong>4:30 PM<\/strong> \u2013 Live recreation of the Legend of the Barcelos Rooster by the group &#8220;Amigos do Pato&#8221;<br \/>\n<\/span><span class=\"s1\">Location: <em>Pa\u00e7o dos Condes<\/em><\/span><\/p>\n<p class=\"p11\"><span class=\"s1\"><strong>17h30<\/strong> &#8211; <strong>5:30 PM<\/strong> \u2013 Inauguration of the photography exhibition \u201c<em>Barcelos on the Camino de Santiago<\/em>\u201d (Promoter: <em>Cidade de Barcelos<\/em> <em>Albergue<\/em>)<br \/>\n<\/span><span class=\"s1\">Location: <em>Espa\u00e7o Cultura<\/em><\/span><\/p>\n<p>&#8211; &#8211; &#8211;<\/p>\n<p class=\"p6\">REGISTRATION <a href=\"https:\/\/docs.google.com\/forms\/d\/e\/1FAIpQLSc4vIpVYPfKnLglqUCLtehQ9gjSXBOsnrZ4S3qFIqzaikj-hQ\/viewform?pli=1\" target=\"_blank\" rel=\"noopener\">HERE<\/a><\/p>\n","protected":false},"excerpt":{"rendered":"<p>Guimar\u00e3es and Barcelos mark the date with free activities for everyone over the weekend, with mandatory registration. &nbsp; GUIMAR\u00c3ES The celebrations, in collaboration with the Associa\u00e7\u00e3o Espa\u00e7o Jacobeus, take place within the framework of the Management Plan for the\u00a0Torres Route, which crosses a vast area of the Municipality. &gt; October 12 | Saturday Tour of [&hellip;]<\/p>\n","protected":false},"author":3,"featured_media":3719,"comment_status":"closed","ping_status":"closed","sticky":false,"template":"","format":"standard","meta":{"_acf_changed":false,"footnotes":""},"categories":[4],"tags":[],"class_list":["post-3956","post","type-post","status-publish","format-standard","has-post-thumbnail","hentry","category-uncategorized"],"acf":{"image_1":"","image_2":"","image_3":"","image_4":"","image_5":""},"yoast_head":"<!-- This site is optimized with the Yoast SEO plugin v27.4 - https:\/\/yoast.com\/product\/yoast-seo-wordpress\/ -->\n<title>October 13 | National Pilgrim Day - Via Lusitana<\/title>\n<meta name=\"robots\" content=\"index, follow, max-snippet:-1, max-image-preview:large, max-video-preview:-1\" \/>\n<link rel=\"canonical\" href=\"https:\/\/www.vialusitana.org\/en\/october-13-national-pilgrim-day\/\" \/>\n<meta property=\"og:locale\" content=\"en_US\" \/>\n<meta property=\"og:type\" content=\"article\" \/>\n<meta property=\"og:title\" content=\"October 13 | National Pilgrim Day - Via Lusitana\" \/>\n<meta property=\"og:description\" content=\"Guimar\u00e3es and Barcelos mark the date with free activities for everyone over the weekend, with mandatory registration. &nbsp; GUIMAR\u00c3ES The celebrations, in collaboration with the Associa\u00e7\u00e3o Espa\u00e7o Jacobeus, take place within the framework of the Management Plan for the\u00a0Torres Route, which crosses a vast area of the Municipality. &gt; October 12 | Saturday Tour of [&hellip;]\" \/>\n<meta property=\"og:url\" content=\"https:\/\/www.vialusitana.org\/en\/october-13-national-pilgrim-day\/\" \/>\n<meta property=\"og:site_name\" content=\"Via Lusitana\" \/>\n<meta property=\"article:publisher\" content=\"https:\/\/www.facebook.com\/ViaLusitana\" \/>\n<meta property=\"article:published_time\" content=\"2024-10-04T11:47:55+00:00\" \/>\n<meta property=\"article:modified_time\" content=\"2024-12-15T21:37:52+00:00\" \/>\n<meta property=\"og:image\" content=\"https:\/\/www.vialusitana.org\/wp-content\/uploads\/2024\/10\/13outubro.jpg\" \/>\n\t<meta property=\"og:image:width\" content=\"990\" \/>\n\t<meta property=\"og:image:height\" content=\"593\" \/>\n\t<meta property=\"og:image:type\" content=\"image\/jpeg\" \/>\n<meta name=\"author\" content=\"info@vialusitana.org\" \/>\n<meta name=\"twitter:card\" content=\"summary_large_image\" \/>\n<meta name=\"twitter:label1\" content=\"Written by\" \/>\n\t<meta name=\"twitter:data1\" content=\"info@vialusitana.org\" \/>\n\t<meta name=\"twitter:label2\" content=\"Est. reading time\" \/>\n\t<meta name=\"twitter:data2\" content=\"2 minutes\" \/>\n<script type=\"application\/ld+json\" class=\"yoast-schema-graph\">{\"@context\":\"https:\\\/\\\/schema.org\",\"@graph\":[{\"@type\":\"Article\",\"@id\":\"https:\\\/\\\/www.vialusitana.org\\\/en\\\/october-13-national-pilgrim-day\\\/#article\",\"isPartOf\":{\"@id\":\"https:\\\/\\\/www.vialusitana.org\\\/en\\\/october-13-national-pilgrim-day\\\/\"},\"author\":{\"name\":\"info@vialusitana.org\",\"@id\":\"https:\\\/\\\/www.vialusitana.org\\\/en\\\/#\\\/schema\\\/person\\\/974b0f5fc0d1f06d5bbaab9a6c2d4b7d\"},\"headline\":\"October 13 | National Pilgrim Day\",\"datePublished\":\"2024-10-04T11:47:55+00:00\",\"dateModified\":\"2024-12-15T21:37:52+00:00\",\"mainEntityOfPage\":{\"@id\":\"https:\\\/\\\/www.vialusitana.org\\\/en\\\/october-13-national-pilgrim-day\\\/\"},\"wordCount\":342,\"publisher\":{\"@id\":\"https:\\\/\\\/www.vialusitana.org\\\/en\\\/#organization\"},\"image\":{\"@id\":\"https:\\\/\\\/www.vialusitana.org\\\/en\\\/october-13-national-pilgrim-day\\\/#primaryimage\"},\"thumbnailUrl\":\"https:\\\/\\\/www.vialusitana.org\\\/wp-content\\\/uploads\\\/2024\\\/10\\\/13outubro.jpg\",\"inLanguage\":\"en-US\"},{\"@type\":\"WebPage\",\"@id\":\"https:\\\/\\\/www.vialusitana.org\\\/en\\\/october-13-national-pilgrim-day\\\/\",\"url\":\"https:\\\/\\\/www.vialusitana.org\\\/en\\\/october-13-national-pilgrim-day\\\/\",\"name\":\"October 13 | National Pilgrim Day - Via Lusitana\",\"isPartOf\":{\"@id\":\"https:\\\/\\\/www.vialusitana.org\\\/en\\\/#website\"},\"primaryImageOfPage\":{\"@id\":\"https:\\\/\\\/www.vialusitana.org\\\/en\\\/october-13-national-pilgrim-day\\\/#primaryimage\"},\"image\":{\"@id\":\"https:\\\/\\\/www.vialusitana.org\\\/en\\\/october-13-national-pilgrim-day\\\/#primaryimage\"},\"thumbnailUrl\":\"https:\\\/\\\/www.vialusitana.org\\\/wp-content\\\/uploads\\\/2024\\\/10\\\/13outubro.jpg\",\"datePublished\":\"2024-10-04T11:47:55+00:00\",\"dateModified\":\"2024-12-15T21:37:52+00:00\",\"breadcrumb\":{\"@id\":\"https:\\\/\\\/www.vialusitana.org\\\/en\\\/october-13-national-pilgrim-day\\\/#breadcrumb\"},\"inLanguage\":\"en-US\",\"potentialAction\":[{\"@type\":\"ReadAction\",\"target\":[\"https:\\\/\\\/www.vialusitana.org\\\/en\\\/october-13-national-pilgrim-day\\\/\"]}]},{\"@type\":\"ImageObject\",\"inLanguage\":\"en-US\",\"@id\":\"https:\\\/\\\/www.vialusitana.org\\\/en\\\/october-13-national-pilgrim-day\\\/#primaryimage\",\"url\":\"https:\\\/\\\/www.vialusitana.org\\\/wp-content\\\/uploads\\\/2024\\\/10\\\/13outubro.jpg\",\"contentUrl\":\"https:\\\/\\\/www.vialusitana.org\\\/wp-content\\\/uploads\\\/2024\\\/10\\\/13outubro.jpg\",\"width\":990,\"height\":593},{\"@type\":\"BreadcrumbList\",\"@id\":\"https:\\\/\\\/www.vialusitana.org\\\/en\\\/october-13-national-pilgrim-day\\\/#breadcrumb\",\"itemListElement\":[{\"@type\":\"ListItem\",\"position\":1,\"name\":\"Home\",\"item\":\"https:\\\/\\\/www.vialusitana.org\\\/en\\\/\"},{\"@type\":\"ListItem\",\"position\":2,\"name\":\"October 13 | National Pilgrim Day\"}]},{\"@type\":\"WebSite\",\"@id\":\"https:\\\/\\\/www.vialusitana.org\\\/en\\\/#website\",\"url\":\"https:\\\/\\\/www.vialusitana.org\\\/en\\\/\",\"name\":\"Via Lusitana\",\"description\":\"\",\"publisher\":{\"@id\":\"https:\\\/\\\/www.vialusitana.org\\\/en\\\/#organization\"},\"potentialAction\":[{\"@type\":\"SearchAction\",\"target\":{\"@type\":\"EntryPoint\",\"urlTemplate\":\"https:\\\/\\\/www.vialusitana.org\\\/en\\\/?s={search_term_string}\"},\"query-input\":{\"@type\":\"PropertyValueSpecification\",\"valueRequired\":true,\"valueName\":\"search_term_string\"}}],\"inLanguage\":\"en-US\"},{\"@type\":\"Organization\",\"@id\":\"https:\\\/\\\/www.vialusitana.org\\\/en\\\/#organization\",\"name\":\"Via Lusitana\",\"url\":\"https:\\\/\\\/www.vialusitana.org\\\/en\\\/\",\"logo\":{\"@type\":\"ImageObject\",\"inLanguage\":\"en-US\",\"@id\":\"https:\\\/\\\/www.vialusitana.org\\\/en\\\/#\\\/schema\\\/logo\\\/image\\\/\",\"url\":\"https:\\\/\\\/www.vialusitana.org\\\/wp-content\\\/uploads\\\/2024\\\/08\\\/apple-touch-icon.png\",\"contentUrl\":\"https:\\\/\\\/www.vialusitana.org\\\/wp-content\\\/uploads\\\/2024\\\/08\\\/apple-touch-icon.png\",\"width\":180,\"height\":180,\"caption\":\"Via Lusitana\"},\"image\":{\"@id\":\"https:\\\/\\\/www.vialusitana.org\\\/en\\\/#\\\/schema\\\/logo\\\/image\\\/\"},\"sameAs\":[\"https:\\\/\\\/www.facebook.com\\\/ViaLusitana\",\"https:\\\/\\\/www.instagram.com\\\/via_lusitana\\\/\"]},{\"@type\":\"Person\",\"@id\":\"https:\\\/\\\/www.vialusitana.org\\\/en\\\/#\\\/schema\\\/person\\\/974b0f5fc0d1f06d5bbaab9a6c2d4b7d\",\"name\":\"info@vialusitana.org\"}]}<\/script>\n<!-- \/ Yoast SEO plugin. -->","yoast_head_json":{"title":"October 13 | National Pilgrim Day - Via Lusitana","robots":{"index":"index","follow":"follow","max-snippet":"max-snippet:-1","max-image-preview":"max-image-preview:large","max-video-preview":"max-video-preview:-1"},"canonical":"https:\/\/www.vialusitana.org\/en\/october-13-national-pilgrim-day\/","og_locale":"en_US","og_type":"article","og_title":"October 13 | National Pilgrim Day - Via Lusitana","og_description":"Guimar\u00e3es and Barcelos mark the date with free activities for everyone over the weekend, with mandatory registration. &nbsp; GUIMAR\u00c3ES The celebrations, in collaboration with the Associa\u00e7\u00e3o Espa\u00e7o Jacobeus, take place within the framework of the Management Plan for the\u00a0Torres Route, which crosses a vast area of the Municipality. &gt; October 12 | Saturday Tour of [&hellip;]","og_url":"https:\/\/www.vialusitana.org\/en\/october-13-national-pilgrim-day\/","og_site_name":"Via Lusitana","article_publisher":"https:\/\/www.facebook.com\/ViaLusitana","article_published_time":"2024-10-04T11:47:55+00:00","article_modified_time":"2024-12-15T21:37:52+00:00","og_image":[{"width":990,"height":593,"url":"https:\/\/www.vialusitana.org\/wp-content\/uploads\/2024\/10\/13outubro.jpg","type":"image\/jpeg"}],"author":"info@vialusitana.org","twitter_card":"summary_large_image","twitter_misc":{"Written by":"info@vialusitana.org","Est. reading time":"2 minutes"},"schema":{"@context":"https:\/\/schema.org","@graph":[{"@type":"Article","@id":"https:\/\/www.vialusitana.org\/en\/october-13-national-pilgrim-day\/#article","isPartOf":{"@id":"https:\/\/www.vialusitana.org\/en\/october-13-national-pilgrim-day\/"},"author":{"name":"info@vialusitana.org","@id":"https:\/\/www.vialusitana.org\/en\/#\/schema\/person\/974b0f5fc0d1f06d5bbaab9a6c2d4b7d"},"headline":"October 13 | National Pilgrim Day","datePublished":"2024-10-04T11:47:55+00:00","dateModified":"2024-12-15T21:37:52+00:00","mainEntityOfPage":{"@id":"https:\/\/www.vialusitana.org\/en\/october-13-national-pilgrim-day\/"},"wordCount":342,"publisher":{"@id":"https:\/\/www.vialusitana.org\/en\/#organization"},"image":{"@id":"https:\/\/www.vialusitana.org\/en\/october-13-national-pilgrim-day\/#primaryimage"},"thumbnailUrl":"https:\/\/www.vialusitana.org\/wp-content\/uploads\/2024\/10\/13outubro.jpg","inLanguage":"en-US"},{"@type":"WebPage","@id":"https:\/\/www.vialusitana.org\/en\/october-13-national-pilgrim-day\/","url":"https:\/\/www.vialusitana.org\/en\/october-13-national-pilgrim-day\/","name":"October 13 | National Pilgrim Day - Via Lusitana","isPartOf":{"@id":"https:\/\/www.vialusitana.org\/en\/#website"},"primaryImageOfPage":{"@id":"https:\/\/www.vialusitana.org\/en\/october-13-national-pilgrim-day\/#primaryimage"},"image":{"@id":"https:\/\/www.vialusitana.org\/en\/october-13-national-pilgrim-day\/#primaryimage"},"thumbnailUrl":"https:\/\/www.vialusitana.org\/wp-content\/uploads\/2024\/10\/13outubro.jpg","datePublished":"2024-10-04T11:47:55+00:00","dateModified":"2024-12-15T21:37:52+00:00","breadcrumb":{"@id":"https:\/\/www.vialusitana.org\/en\/october-13-national-pilgrim-day\/#breadcrumb"},"inLanguage":"en-US","potentialAction":[{"@type":"ReadAction","target":["https:\/\/www.vialusitana.org\/en\/october-13-national-pilgrim-day\/"]}]},{"@type":"ImageObject","inLanguage":"en-US","@id":"https:\/\/www.vialusitana.org\/en\/october-13-national-pilgrim-day\/#primaryimage","url":"https:\/\/www.vialusitana.org\/wp-content\/uploads\/2024\/10\/13outubro.jpg","contentUrl":"https:\/\/www.vialusitana.org\/wp-content\/uploads\/2024\/10\/13outubro.jpg","width":990,"height":593},{"@type":"BreadcrumbList","@id":"https:\/\/www.vialusitana.org\/en\/october-13-national-pilgrim-day\/#breadcrumb","itemListElement":[{"@type":"ListItem","position":1,"name":"Home","item":"https:\/\/www.vialusitana.org\/en\/"},{"@type":"ListItem","position":2,"name":"October 13 | National Pilgrim Day"}]},{"@type":"WebSite","@id":"https:\/\/www.vialusitana.org\/en\/#website","url":"https:\/\/www.vialusitana.org\/en\/","name":"Via Lusitana","description":"","publisher":{"@id":"https:\/\/www.vialusitana.org\/en\/#organization"},"potentialAction":[{"@type":"SearchAction","target":{"@type":"EntryPoint","urlTemplate":"https:\/\/www.vialusitana.org\/en\/?s={search_term_string}"},"query-input":{"@type":"PropertyValueSpecification","valueRequired":true,"valueName":"search_term_string"}}],"inLanguage":"en-US"},{"@type":"Organization","@id":"https:\/\/www.vialusitana.org\/en\/#organization","name":"Via Lusitana","url":"https:\/\/www.vialusitana.org\/en\/","logo":{"@type":"ImageObject","inLanguage":"en-US","@id":"https:\/\/www.vialusitana.org\/en\/#\/schema\/logo\/image\/","url":"https:\/\/www.vialusitana.org\/wp-content\/uploads\/2024\/08\/apple-touch-icon.png","contentUrl":"https:\/\/www.vialusitana.org\/wp-content\/uploads\/2024\/08\/apple-touch-icon.png","width":180,"height":180,"caption":"Via Lusitana"},"image":{"@id":"https:\/\/www.vialusitana.org\/en\/#\/schema\/logo\/image\/"},"sameAs":["https:\/\/www.facebook.com\/ViaLusitana","https:\/\/www.instagram.com\/via_lusitana\/"]},{"@type":"Person","@id":"https:\/\/www.vialusitana.org\/en\/#\/schema\/person\/974b0f5fc0d1f06d5bbaab9a6c2d4b7d","name":"info@vialusitana.org"}]}},"_links":{"self":[{"href":"https:\/\/www.vialusitana.org\/en\/wp-json\/wp\/v2\/posts\/3956","targetHints":{"allow":["GET"]}}],"collection":[{"href":"https:\/\/www.vialusitana.org\/en\/wp-json\/wp\/v2\/posts"}],"about":[{"href":"https:\/\/www.vialusitana.org\/en\/wp-json\/wp\/v2\/types\/post"}],"author":[{"embeddable":true,"href":"https:\/\/www.vialusitana.org\/en\/wp-json\/wp\/v2\/users\/3"}],"replies":[{"embeddable":true,"href":"https:\/\/www.vialusitana.org\/en\/wp-json\/wp\/v2\/comments?post=3956"}],"version-history":[{"count":4,"href":"https:\/\/www.vialusitana.org\/en\/wp-json\/wp\/v2\/posts\/3956\/revisions"}],"predecessor-version":[{"id":4350,"href":"https:\/\/www.vialusitana.org\/en\/wp-json\/wp\/v2\/posts\/3956\/revisions\/4350"}],"wp:featuredmedia":[{"embeddable":true,"href":"https:\/\/www.vialusitana.org\/en\/wp-json\/wp\/v2\/media\/3719"}],"wp:attachment":[{"href":"https:\/\/www.vialusitana.org\/en\/wp-json\/wp\/v2\/media?parent=3956"}],"wp:term":[{"taxonomy":"category","embeddable":true,"href":"https:\/\/www.vialusitana.org\/en\/wp-json\/wp\/v2\/categories?post=3956"},{"taxonomy":"post_tag","embeddable":true,"href":"https:\/\/www.vialusitana.org\/en\/wp-json\/wp\/v2\/tags?post=3956"}],"curies":[{"name":"wp","href":"https:\/\/api.w.org\/{rel}","templated":true}]}}