{"id":3948,"date":"2024-11-08T19:45:58","date_gmt":"2024-11-08T19:45:58","guid":{"rendered":"https:\/\/www.vialusitana.org\/sucesso-proponga-exposicao-sobre-o-caminho-em-fatima\/"},"modified":"2024-12-09T12:35:38","modified_gmt":"2024-12-09T12:35:38","slug":"success-extends-exhibition-about-the-camino-in-fatima","status":"publish","type":"post","link":"https:\/\/www.vialusitana.org\/en\/success-extends-exhibition-about-the-camino-in-fatima\/","title":{"rendered":"Success extends exhibition about the Camino in F\u00e1tima"},"content":{"rendered":"<p><strong>The exhibition \u201cN\u00e3o passes pelo Caminho\u2026 deixa antes que o Caminho passe por ti\u201d (Don\u2019t just walk the Camino\u2026 Let the Camino walk through you), installed at the F\u00e1tima Tourism Office, has been extended until November 30 following an overwhelmingly positive reception from tourists and pilgrims of the Caminos de Santiago and F\u00e1tima<\/strong>. Organized in partnership by the <strong><em>Associa\u00e7\u00e3o Espa\u00e7o Jacobeus<\/em><\/strong> (AEJ), Tourism of Central Portugal, and the <strong><em>Our\u00e9m<\/em> Municipality<\/strong>, the exhibition features a diverse collection: photographs of Santiago routes, Jacobean tradition objects, statues of Santiago, handcrafted items, and the iconic <em>queimada galega<\/em> pot. Visitors also encounter illustrated pilgrim testimonials, mementos, and other traditional items, providing an immersive experience that captures the spirit of pilgrimage.<\/p>\n<p>Carina Fraz\u00e3o, AEJ delegate in <em>F\u00e1tima<\/em>, explains that the exhibition was designed to let visitors experience the <em>Camino<\/em> as if they were pilgrims, through items such as the staff, the gourd, and the credential. Ant\u00f3nio Devesa, president of AEJ, describes the space as an invitation for visitors to begin preparing for the journey &#8211; an experience that the exhibition contextualizes through its displayed stories and heritage. Carlos Figueiredo, from Tourism of Central Portugal, sees the exhibition as an opportunity to bring people closer to the knowledge of the <em>Camino<\/em> and to encourage interest in this historic route. Isabel Costa, vice president of the <em>Our\u00e9m<\/em> Municipality, highlights that the exhibition helps clarify what the <em>Camino de Santiago<\/em> is, as it is often misunderstood.<\/p>\n<p><strong>Open to visitors Monday through Friday from 9:00 AM to 1:00 PM and 2:00 PM to 5:00 PM, and on weekends and holidays with extended hours until 6:00 PM, the exhibition has already attracted visitors from around the world, including Brazil, the USA, Japan, South Korea, and various European countries.<\/strong><\/p>\n<p>The <em>Associa\u00e7\u00e3o Espa\u00e7o Jacobeus<\/em>, a Catholic confraternity based in Braga since 2004, is known for welcoming people of all faiths and backgrounds. Recognized in 2006 by the Archdiocese of <em>Braga<\/em>, it joined the Universal Archconfraternity of the Apostle Santiago in <em>Compostela<\/em> to promote the spiritual values of the <em>Camino<\/em>.<\/p>\n<p>&nbsp;<\/p>\n<p><strong>Source:<\/strong> <a href=\"https:\/\/21noticias.com\/2024\/11\/06\/fatima-sucesso-prolonga-exposicao-sobre-o-caminho-de-santiago\/\" target=\"_blank\" rel=\"noopener\">21 Noticias<\/a><\/p>\n","protected":false},"excerpt":{"rendered":"<p>The exhibition \u201cN\u00e3o passes pelo Caminho\u2026 deixa antes que o Caminho passe por ti\u201d (Don\u2019t just walk the Camino\u2026 Let the Camino walk through you), installed at the F\u00e1tima Tourism Office, has been extended until November 30 following an overwhelmingly positive reception from tourists and pilgrims of the Caminos de Santiago and F\u00e1tima. Organized in [&hellip;]<\/p>\n","protected":false},"author":3,"featured_media":3742,"comment_status":"closed","ping_status":"closed","sticky":false,"template":"","format":"standard","meta":{"_acf_changed":false,"footnotes":""},"categories":[4],"tags":[],"class_list":["post-3948","post","type-post","status-publish","format-standard","has-post-thumbnail","hentry","category-uncategorized"],"acf":{"image_1":3743,"image_2":3744,"image_3":"","image_4":"","image_5":""},"yoast_head":"<!-- This site is optimized with the Yoast SEO plugin v27.4 - https:\/\/yoast.com\/product\/yoast-seo-wordpress\/ -->\n<title>Success extends exhibition about the Camino in F\u00e1tima - Via Lusitana<\/title>\n<meta name=\"robots\" content=\"index, follow, max-snippet:-1, max-image-preview:large, max-video-preview:-1\" \/>\n<link rel=\"canonical\" href=\"https:\/\/www.vialusitana.org\/en\/success-extends-exhibition-about-the-camino-in-fatima\/\" \/>\n<meta property=\"og:locale\" content=\"en_US\" \/>\n<meta property=\"og:type\" content=\"article\" \/>\n<meta property=\"og:title\" content=\"Success extends exhibition about the Camino in F\u00e1tima - Via Lusitana\" \/>\n<meta property=\"og:description\" content=\"The exhibition \u201cN\u00e3o passes pelo Caminho\u2026 deixa antes que o Caminho passe por ti\u201d (Don\u2019t just walk the Camino\u2026 Let the Camino walk through you), installed at the F\u00e1tima Tourism Office, has been extended until November 30 following an overwhelmingly positive reception from tourists and pilgrims of the Caminos de Santiago and F\u00e1tima. Organized in [&hellip;]\" \/>\n<meta property=\"og:url\" content=\"https:\/\/www.vialusitana.org\/en\/success-extends-exhibition-about-the-camino-in-fatima\/\" \/>\n<meta property=\"og:site_name\" content=\"Via Lusitana\" \/>\n<meta property=\"article:publisher\" content=\"https:\/\/www.facebook.com\/ViaLusitana\" \/>\n<meta property=\"article:published_time\" content=\"2024-11-08T19:45:58+00:00\" \/>\n<meta property=\"article:modified_time\" content=\"2024-12-09T12:35:38+00:00\" \/>\n<meta property=\"og:image\" content=\"https:\/\/www.vialusitana.org\/wp-content\/uploads\/2024\/11\/Prolongamento-da-Exposicao-Fatima-03.webp\" \/>\n\t<meta property=\"og:image:width\" content=\"1000\" \/>\n\t<meta property=\"og:image:height\" content=\"750\" \/>\n\t<meta property=\"og:image:type\" content=\"image\/webp\" \/>\n<meta name=\"author\" content=\"info@vialusitana.org\" \/>\n<meta name=\"twitter:card\" content=\"summary_large_image\" \/>\n<meta name=\"twitter:label1\" content=\"Written by\" \/>\n\t<meta name=\"twitter:data1\" content=\"info@vialusitana.org\" \/>\n\t<meta name=\"twitter:label2\" content=\"Est. reading time\" \/>\n\t<meta name=\"twitter:data2\" content=\"3 minutes\" \/>\n<script type=\"application\/ld+json\" class=\"yoast-schema-graph\">{\"@context\":\"https:\\\/\\\/schema.org\",\"@graph\":[{\"@type\":\"Article\",\"@id\":\"https:\\\/\\\/www.vialusitana.org\\\/en\\\/success-extends-exhibition-about-the-camino-in-fatima\\\/#article\",\"isPartOf\":{\"@id\":\"https:\\\/\\\/www.vialusitana.org\\\/en\\\/success-extends-exhibition-about-the-camino-in-fatima\\\/\"},\"author\":{\"name\":\"info@vialusitana.org\",\"@id\":\"https:\\\/\\\/www.vialusitana.org\\\/en\\\/#\\\/schema\\\/person\\\/974b0f5fc0d1f06d5bbaab9a6c2d4b7d\"},\"headline\":\"Success extends exhibition about the Camino in F\u00e1tima\",\"datePublished\":\"2024-11-08T19:45:58+00:00\",\"dateModified\":\"2024-12-09T12:35:38+00:00\",\"mainEntityOfPage\":{\"@id\":\"https:\\\/\\\/www.vialusitana.org\\\/en\\\/success-extends-exhibition-about-the-camino-in-fatima\\\/\"},\"wordCount\":353,\"publisher\":{\"@id\":\"https:\\\/\\\/www.vialusitana.org\\\/en\\\/#organization\"},\"image\":{\"@id\":\"https:\\\/\\\/www.vialusitana.org\\\/en\\\/success-extends-exhibition-about-the-camino-in-fatima\\\/#primaryimage\"},\"thumbnailUrl\":\"https:\\\/\\\/www.vialusitana.org\\\/wp-content\\\/uploads\\\/2024\\\/11\\\/Prolongamento-da-Exposicao-Fatima-03.webp\",\"inLanguage\":\"en-US\"},{\"@type\":\"WebPage\",\"@id\":\"https:\\\/\\\/www.vialusitana.org\\\/en\\\/success-extends-exhibition-about-the-camino-in-fatima\\\/\",\"url\":\"https:\\\/\\\/www.vialusitana.org\\\/en\\\/success-extends-exhibition-about-the-camino-in-fatima\\\/\",\"name\":\"Success extends exhibition about the Camino in F\u00e1tima - Via Lusitana\",\"isPartOf\":{\"@id\":\"https:\\\/\\\/www.vialusitana.org\\\/en\\\/#website\"},\"primaryImageOfPage\":{\"@id\":\"https:\\\/\\\/www.vialusitana.org\\\/en\\\/success-extends-exhibition-about-the-camino-in-fatima\\\/#primaryimage\"},\"image\":{\"@id\":\"https:\\\/\\\/www.vialusitana.org\\\/en\\\/success-extends-exhibition-about-the-camino-in-fatima\\\/#primaryimage\"},\"thumbnailUrl\":\"https:\\\/\\\/www.vialusitana.org\\\/wp-content\\\/uploads\\\/2024\\\/11\\\/Prolongamento-da-Exposicao-Fatima-03.webp\",\"datePublished\":\"2024-11-08T19:45:58+00:00\",\"dateModified\":\"2024-12-09T12:35:38+00:00\",\"breadcrumb\":{\"@id\":\"https:\\\/\\\/www.vialusitana.org\\\/en\\\/success-extends-exhibition-about-the-camino-in-fatima\\\/#breadcrumb\"},\"inLanguage\":\"en-US\",\"potentialAction\":[{\"@type\":\"ReadAction\",\"target\":[\"https:\\\/\\\/www.vialusitana.org\\\/en\\\/success-extends-exhibition-about-the-camino-in-fatima\\\/\"]}]},{\"@type\":\"ImageObject\",\"inLanguage\":\"en-US\",\"@id\":\"https:\\\/\\\/www.vialusitana.org\\\/en\\\/success-extends-exhibition-about-the-camino-in-fatima\\\/#primaryimage\",\"url\":\"https:\\\/\\\/www.vialusitana.org\\\/wp-content\\\/uploads\\\/2024\\\/11\\\/Prolongamento-da-Exposicao-Fatima-03.webp\",\"contentUrl\":\"https:\\\/\\\/www.vialusitana.org\\\/wp-content\\\/uploads\\\/2024\\\/11\\\/Prolongamento-da-Exposicao-Fatima-03.webp\",\"width\":1000,\"height\":750},{\"@type\":\"BreadcrumbList\",\"@id\":\"https:\\\/\\\/www.vialusitana.org\\\/en\\\/success-extends-exhibition-about-the-camino-in-fatima\\\/#breadcrumb\",\"itemListElement\":[{\"@type\":\"ListItem\",\"position\":1,\"name\":\"Home\",\"item\":\"https:\\\/\\\/www.vialusitana.org\\\/en\\\/\"},{\"@type\":\"ListItem\",\"position\":2,\"name\":\"Success extends exhibition about the Camino in F\u00e1tima\"}]},{\"@type\":\"WebSite\",\"@id\":\"https:\\\/\\\/www.vialusitana.org\\\/en\\\/#website\",\"url\":\"https:\\\/\\\/www.vialusitana.org\\\/en\\\/\",\"name\":\"Via Lusitana\",\"description\":\"\",\"publisher\":{\"@id\":\"https:\\\/\\\/www.vialusitana.org\\\/en\\\/#organization\"},\"potentialAction\":[{\"@type\":\"SearchAction\",\"target\":{\"@type\":\"EntryPoint\",\"urlTemplate\":\"https:\\\/\\\/www.vialusitana.org\\\/en\\\/?s={search_term_string}\"},\"query-input\":{\"@type\":\"PropertyValueSpecification\",\"valueRequired\":true,\"valueName\":\"search_term_string\"}}],\"inLanguage\":\"en-US\"},{\"@type\":\"Organization\",\"@id\":\"https:\\\/\\\/www.vialusitana.org\\\/en\\\/#organization\",\"name\":\"Via Lusitana\",\"url\":\"https:\\\/\\\/www.vialusitana.org\\\/en\\\/\",\"logo\":{\"@type\":\"ImageObject\",\"inLanguage\":\"en-US\",\"@id\":\"https:\\\/\\\/www.vialusitana.org\\\/en\\\/#\\\/schema\\\/logo\\\/image\\\/\",\"url\":\"https:\\\/\\\/www.vialusitana.org\\\/wp-content\\\/uploads\\\/2024\\\/08\\\/apple-touch-icon.png\",\"contentUrl\":\"https:\\\/\\\/www.vialusitana.org\\\/wp-content\\\/uploads\\\/2024\\\/08\\\/apple-touch-icon.png\",\"width\":180,\"height\":180,\"caption\":\"Via Lusitana\"},\"image\":{\"@id\":\"https:\\\/\\\/www.vialusitana.org\\\/en\\\/#\\\/schema\\\/logo\\\/image\\\/\"},\"sameAs\":[\"https:\\\/\\\/www.facebook.com\\\/ViaLusitana\",\"https:\\\/\\\/www.instagram.com\\\/via_lusitana\\\/\"]},{\"@type\":\"Person\",\"@id\":\"https:\\\/\\\/www.vialusitana.org\\\/en\\\/#\\\/schema\\\/person\\\/974b0f5fc0d1f06d5bbaab9a6c2d4b7d\",\"name\":\"info@vialusitana.org\"}]}<\/script>\n<!-- \/ Yoast SEO plugin. -->","yoast_head_json":{"title":"Success extends exhibition about the Camino in F\u00e1tima - Via Lusitana","robots":{"index":"index","follow":"follow","max-snippet":"max-snippet:-1","max-image-preview":"max-image-preview:large","max-video-preview":"max-video-preview:-1"},"canonical":"https:\/\/www.vialusitana.org\/en\/success-extends-exhibition-about-the-camino-in-fatima\/","og_locale":"en_US","og_type":"article","og_title":"Success extends exhibition about the Camino in F\u00e1tima - Via Lusitana","og_description":"The exhibition \u201cN\u00e3o passes pelo Caminho\u2026 deixa antes que o Caminho passe por ti\u201d (Don\u2019t just walk the Camino\u2026 Let the Camino walk through you), installed at the F\u00e1tima Tourism Office, has been extended until November 30 following an overwhelmingly positive reception from tourists and pilgrims of the Caminos de Santiago and F\u00e1tima. Organized in [&hellip;]","og_url":"https:\/\/www.vialusitana.org\/en\/success-extends-exhibition-about-the-camino-in-fatima\/","og_site_name":"Via Lusitana","article_publisher":"https:\/\/www.facebook.com\/ViaLusitana","article_published_time":"2024-11-08T19:45:58+00:00","article_modified_time":"2024-12-09T12:35:38+00:00","og_image":[{"width":1000,"height":750,"url":"https:\/\/www.vialusitana.org\/wp-content\/uploads\/2024\/11\/Prolongamento-da-Exposicao-Fatima-03.webp","type":"image\/webp"}],"author":"info@vialusitana.org","twitter_card":"summary_large_image","twitter_misc":{"Written by":"info@vialusitana.org","Est. reading time":"3 minutes"},"schema":{"@context":"https:\/\/schema.org","@graph":[{"@type":"Article","@id":"https:\/\/www.vialusitana.org\/en\/success-extends-exhibition-about-the-camino-in-fatima\/#article","isPartOf":{"@id":"https:\/\/www.vialusitana.org\/en\/success-extends-exhibition-about-the-camino-in-fatima\/"},"author":{"name":"info@vialusitana.org","@id":"https:\/\/www.vialusitana.org\/en\/#\/schema\/person\/974b0f5fc0d1f06d5bbaab9a6c2d4b7d"},"headline":"Success extends exhibition about the Camino in F\u00e1tima","datePublished":"2024-11-08T19:45:58+00:00","dateModified":"2024-12-09T12:35:38+00:00","mainEntityOfPage":{"@id":"https:\/\/www.vialusitana.org\/en\/success-extends-exhibition-about-the-camino-in-fatima\/"},"wordCount":353,"publisher":{"@id":"https:\/\/www.vialusitana.org\/en\/#organization"},"image":{"@id":"https:\/\/www.vialusitana.org\/en\/success-extends-exhibition-about-the-camino-in-fatima\/#primaryimage"},"thumbnailUrl":"https:\/\/www.vialusitana.org\/wp-content\/uploads\/2024\/11\/Prolongamento-da-Exposicao-Fatima-03.webp","inLanguage":"en-US"},{"@type":"WebPage","@id":"https:\/\/www.vialusitana.org\/en\/success-extends-exhibition-about-the-camino-in-fatima\/","url":"https:\/\/www.vialusitana.org\/en\/success-extends-exhibition-about-the-camino-in-fatima\/","name":"Success extends exhibition about the Camino in F\u00e1tima - Via Lusitana","isPartOf":{"@id":"https:\/\/www.vialusitana.org\/en\/#website"},"primaryImageOfPage":{"@id":"https:\/\/www.vialusitana.org\/en\/success-extends-exhibition-about-the-camino-in-fatima\/#primaryimage"},"image":{"@id":"https:\/\/www.vialusitana.org\/en\/success-extends-exhibition-about-the-camino-in-fatima\/#primaryimage"},"thumbnailUrl":"https:\/\/www.vialusitana.org\/wp-content\/uploads\/2024\/11\/Prolongamento-da-Exposicao-Fatima-03.webp","datePublished":"2024-11-08T19:45:58+00:00","dateModified":"2024-12-09T12:35:38+00:00","breadcrumb":{"@id":"https:\/\/www.vialusitana.org\/en\/success-extends-exhibition-about-the-camino-in-fatima\/#breadcrumb"},"inLanguage":"en-US","potentialAction":[{"@type":"ReadAction","target":["https:\/\/www.vialusitana.org\/en\/success-extends-exhibition-about-the-camino-in-fatima\/"]}]},{"@type":"ImageObject","inLanguage":"en-US","@id":"https:\/\/www.vialusitana.org\/en\/success-extends-exhibition-about-the-camino-in-fatima\/#primaryimage","url":"https:\/\/www.vialusitana.org\/wp-content\/uploads\/2024\/11\/Prolongamento-da-Exposicao-Fatima-03.webp","contentUrl":"https:\/\/www.vialusitana.org\/wp-content\/uploads\/2024\/11\/Prolongamento-da-Exposicao-Fatima-03.webp","width":1000,"height":750},{"@type":"BreadcrumbList","@id":"https:\/\/www.vialusitana.org\/en\/success-extends-exhibition-about-the-camino-in-fatima\/#breadcrumb","itemListElement":[{"@type":"ListItem","position":1,"name":"Home","item":"https:\/\/www.vialusitana.org\/en\/"},{"@type":"ListItem","position":2,"name":"Success extends exhibition about the Camino in F\u00e1tima"}]},{"@type":"WebSite","@id":"https:\/\/www.vialusitana.org\/en\/#website","url":"https:\/\/www.vialusitana.org\/en\/","name":"Via Lusitana","description":"","publisher":{"@id":"https:\/\/www.vialusitana.org\/en\/#organization"},"potentialAction":[{"@type":"SearchAction","target":{"@type":"EntryPoint","urlTemplate":"https:\/\/www.vialusitana.org\/en\/?s={search_term_string}"},"query-input":{"@type":"PropertyValueSpecification","valueRequired":true,"valueName":"search_term_string"}}],"inLanguage":"en-US"},{"@type":"Organization","@id":"https:\/\/www.vialusitana.org\/en\/#organization","name":"Via Lusitana","url":"https:\/\/www.vialusitana.org\/en\/","logo":{"@type":"ImageObject","inLanguage":"en-US","@id":"https:\/\/www.vialusitana.org\/en\/#\/schema\/logo\/image\/","url":"https:\/\/www.vialusitana.org\/wp-content\/uploads\/2024\/08\/apple-touch-icon.png","contentUrl":"https:\/\/www.vialusitana.org\/wp-content\/uploads\/2024\/08\/apple-touch-icon.png","width":180,"height":180,"caption":"Via Lusitana"},"image":{"@id":"https:\/\/www.vialusitana.org\/en\/#\/schema\/logo\/image\/"},"sameAs":["https:\/\/www.facebook.com\/ViaLusitana","https:\/\/www.instagram.com\/via_lusitana\/"]},{"@type":"Person","@id":"https:\/\/www.vialusitana.org\/en\/#\/schema\/person\/974b0f5fc0d1f06d5bbaab9a6c2d4b7d","name":"info@vialusitana.org"}]}},"_links":{"self":[{"href":"https:\/\/www.vialusitana.org\/en\/wp-json\/wp\/v2\/posts\/3948","targetHints":{"allow":["GET"]}}],"collection":[{"href":"https:\/\/www.vialusitana.org\/en\/wp-json\/wp\/v2\/posts"}],"about":[{"href":"https:\/\/www.vialusitana.org\/en\/wp-json\/wp\/v2\/types\/post"}],"author":[{"embeddable":true,"href":"https:\/\/www.vialusitana.org\/en\/wp-json\/wp\/v2\/users\/3"}],"replies":[{"embeddable":true,"href":"https:\/\/www.vialusitana.org\/en\/wp-json\/wp\/v2\/comments?post=3948"}],"version-history":[{"count":2,"href":"https:\/\/www.vialusitana.org\/en\/wp-json\/wp\/v2\/posts\/3948\/revisions"}],"predecessor-version":[{"id":4060,"href":"https:\/\/www.vialusitana.org\/en\/wp-json\/wp\/v2\/posts\/3948\/revisions\/4060"}],"wp:featuredmedia":[{"embeddable":true,"href":"https:\/\/www.vialusitana.org\/en\/wp-json\/wp\/v2\/media\/3742"}],"wp:attachment":[{"href":"https:\/\/www.vialusitana.org\/en\/wp-json\/wp\/v2\/media?parent=3948"}],"wp:term":[{"taxonomy":"category","embeddable":true,"href":"https:\/\/www.vialusitana.org\/en\/wp-json\/wp\/v2\/categories?post=3948"},{"taxonomy":"post_tag","embeddable":true,"href":"https:\/\/www.vialusitana.org\/en\/wp-json\/wp\/v2\/tags?post=3948"}],"curies":[{"name":"wp","href":"https:\/\/api.w.org\/{rel}","templated":true}]}}