{"id":3947,"date":"2024-11-18T13:01:31","date_gmt":"2024-11-18T13:01:31","guid":{"rendered":"https:\/\/www.vialusitana.org\/elias-valina-uma-merecida-homenagem\/"},"modified":"2024-12-09T21:01:54","modified_gmt":"2024-12-09T21:01:54","slug":"elias-valina-a-well-deserved-tribute","status":"publish","type":"post","link":"https:\/\/www.vialusitana.org\/en\/elias-valina-a-well-deserved-tribute\/","title":{"rendered":"El\u00edas Vali\u00f1a: a well-deserved tribute"},"content":{"rendered":"<p><strong>The <em>Oficina de Acogida al Peregrino<\/em> in Santiago de Compostela will pay tribute to El\u00edas Vali\u00f1a, marking the 35th anniversary of his passing.<\/strong> The event will take place on December 11 at 11:00 AM at R\u00faa das Carretas, 33. This tribute celebrates the life and legacy of one of the greatest advocates of the <em>Camino de Santiago<\/em>.<\/p>\n<p>As part of the event, a sculpture of El\u00edas Vali\u00f1a, created by Oscar Aldonza, will be unveiled. Attendees can also enjoy a live streaming of the podcast <em>La Flecha Amarilla<\/em> (The Yellow Arrow) and a musical performance, <em>M\u00fasicas en el Camino<\/em>, featuring Mois\u00e9s Quintas and Aser \u00c1lvarez. Additionally, the premiere of the documentary <em>El\u00edas Vali\u00f1a. El inventor de las flechas amarillas<\/em> (\u201cEl\u00edas Vali\u00f1a: the inventor of the yellow arrows\u201d) will be showcased.<\/p>\n<p>El\u00edas Vali\u00f1a Sampedro (1929\u20131989) was a Galician priest who dedicated his life to revitalizing the <em>Camino de Santiago<\/em>. As the parish priest of <em>O Cebreiro<\/em>, <strong>he spearheaded the recovery of the French <em>Camino<\/em><\/strong>, which at the time was in decline. One of his greatest contributions was the<strong> creation of the yellow arrows<\/strong>, a marking system that has become a universal symbol of the <em>Camino<\/em>. These simple markings, initially painted using materials he obtained through personal effort, have guided thousands of pilgrims over the decades.<\/p>\n<p>Vali\u00f1a was also a dedicated scholar, authoring in-depth studies about the <em>Camino de Santiago<\/em>. <strong>His vision and efforts were instrumental in the <em>Camino<\/em> being declared a UNESCO World Heritage Site and in its global recognition as a spiritual and cultural route.<\/strong><\/p>\n<p>Although he passed away before witnessing the full revitalization of the <em>Camino<\/em>, the impact of his mission continues to influence pilgrims and communities. This year\u2019s tribute not only honors his contributions but also reinforces the Camino\u2019s significance as an experience of sharing and transformation.<\/p>\n","protected":false},"excerpt":{"rendered":"<p>The Oficina de Acogida al Peregrino in Santiago de Compostela will pay tribute to El\u00edas Vali\u00f1a, marking the 35th anniversary of his passing. The event will take place on December 11 at 11:00 AM at R\u00faa das Carretas, 33. This tribute celebrates the life and legacy of one of the greatest advocates of the Camino [&hellip;]<\/p>\n","protected":false},"author":3,"featured_media":3745,"comment_status":"closed","ping_status":"closed","sticky":false,"template":"","format":"standard","meta":{"_acf_changed":false,"footnotes":""},"categories":[4],"tags":[],"class_list":["post-3947","post","type-post","status-publish","format-standard","has-post-thumbnail","hentry","category-uncategorized"],"acf":{"image_1":3746,"image_2":3747,"image_3":"","image_4":"","image_5":""},"yoast_head":"<!-- This site is optimized with the Yoast SEO plugin v27.4 - https:\/\/yoast.com\/product\/yoast-seo-wordpress\/ -->\n<title>El\u00edas Vali\u00f1a: a well-deserved tribute - Via Lusitana<\/title>\n<meta name=\"robots\" content=\"index, follow, max-snippet:-1, max-image-preview:large, max-video-preview:-1\" \/>\n<link rel=\"canonical\" href=\"https:\/\/www.vialusitana.org\/en\/elias-valina-a-well-deserved-tribute\/\" \/>\n<meta property=\"og:locale\" content=\"en_US\" \/>\n<meta property=\"og:type\" content=\"article\" \/>\n<meta property=\"og:title\" content=\"El\u00edas Vali\u00f1a: a well-deserved tribute - Via Lusitana\" \/>\n<meta property=\"og:description\" content=\"The Oficina de Acogida al Peregrino in Santiago de Compostela will pay tribute to El\u00edas Vali\u00f1a, marking the 35th anniversary of his passing. The event will take place on December 11 at 11:00 AM at R\u00faa das Carretas, 33. This tribute celebrates the life and legacy of one of the greatest advocates of the Camino [&hellip;]\" \/>\n<meta property=\"og:url\" content=\"https:\/\/www.vialusitana.org\/en\/elias-valina-a-well-deserved-tribute\/\" \/>\n<meta property=\"og:site_name\" content=\"Via Lusitana\" \/>\n<meta property=\"article:publisher\" content=\"https:\/\/www.facebook.com\/ViaLusitana\" \/>\n<meta property=\"article:published_time\" content=\"2024-11-18T13:01:31+00:00\" \/>\n<meta property=\"article:modified_time\" content=\"2024-12-09T21:01:54+00:00\" \/>\n<meta property=\"og:image\" content=\"https:\/\/www.vialusitana.org\/wp-content\/uploads\/2024\/11\/ev.jpg\" \/>\n\t<meta property=\"og:image:width\" content=\"1960\" \/>\n\t<meta property=\"og:image:height\" content=\"1103\" \/>\n\t<meta property=\"og:image:type\" content=\"image\/jpeg\" \/>\n<meta name=\"author\" content=\"info@vialusitana.org\" \/>\n<meta name=\"twitter:card\" content=\"summary_large_image\" \/>\n<meta name=\"twitter:label1\" content=\"Written by\" \/>\n\t<meta name=\"twitter:data1\" content=\"info@vialusitana.org\" \/>\n\t<meta name=\"twitter:label2\" content=\"Est. reading time\" \/>\n\t<meta name=\"twitter:data2\" content=\"2 minutes\" \/>\n<script type=\"application\/ld+json\" class=\"yoast-schema-graph\">{\"@context\":\"https:\\\/\\\/schema.org\",\"@graph\":[{\"@type\":\"Article\",\"@id\":\"https:\\\/\\\/www.vialusitana.org\\\/en\\\/elias-valina-a-well-deserved-tribute\\\/#article\",\"isPartOf\":{\"@id\":\"https:\\\/\\\/www.vialusitana.org\\\/en\\\/elias-valina-a-well-deserved-tribute\\\/\"},\"author\":{\"name\":\"info@vialusitana.org\",\"@id\":\"https:\\\/\\\/www.vialusitana.org\\\/en\\\/#\\\/schema\\\/person\\\/974b0f5fc0d1f06d5bbaab9a6c2d4b7d\"},\"headline\":\"El\u00edas Vali\u00f1a: a well-deserved tribute\",\"datePublished\":\"2024-11-18T13:01:31+00:00\",\"dateModified\":\"2024-12-09T21:01:54+00:00\",\"mainEntityOfPage\":{\"@id\":\"https:\\\/\\\/www.vialusitana.org\\\/en\\\/elias-valina-a-well-deserved-tribute\\\/\"},\"wordCount\":317,\"publisher\":{\"@id\":\"https:\\\/\\\/www.vialusitana.org\\\/en\\\/#organization\"},\"image\":{\"@id\":\"https:\\\/\\\/www.vialusitana.org\\\/en\\\/elias-valina-a-well-deserved-tribute\\\/#primaryimage\"},\"thumbnailUrl\":\"https:\\\/\\\/www.vialusitana.org\\\/wp-content\\\/uploads\\\/2024\\\/11\\\/ev.jpg\",\"inLanguage\":\"en-US\"},{\"@type\":\"WebPage\",\"@id\":\"https:\\\/\\\/www.vialusitana.org\\\/en\\\/elias-valina-a-well-deserved-tribute\\\/\",\"url\":\"https:\\\/\\\/www.vialusitana.org\\\/en\\\/elias-valina-a-well-deserved-tribute\\\/\",\"name\":\"El\u00edas Vali\u00f1a: a well-deserved tribute - Via Lusitana\",\"isPartOf\":{\"@id\":\"https:\\\/\\\/www.vialusitana.org\\\/en\\\/#website\"},\"primaryImageOfPage\":{\"@id\":\"https:\\\/\\\/www.vialusitana.org\\\/en\\\/elias-valina-a-well-deserved-tribute\\\/#primaryimage\"},\"image\":{\"@id\":\"https:\\\/\\\/www.vialusitana.org\\\/en\\\/elias-valina-a-well-deserved-tribute\\\/#primaryimage\"},\"thumbnailUrl\":\"https:\\\/\\\/www.vialusitana.org\\\/wp-content\\\/uploads\\\/2024\\\/11\\\/ev.jpg\",\"datePublished\":\"2024-11-18T13:01:31+00:00\",\"dateModified\":\"2024-12-09T21:01:54+00:00\",\"breadcrumb\":{\"@id\":\"https:\\\/\\\/www.vialusitana.org\\\/en\\\/elias-valina-a-well-deserved-tribute\\\/#breadcrumb\"},\"inLanguage\":\"en-US\",\"potentialAction\":[{\"@type\":\"ReadAction\",\"target\":[\"https:\\\/\\\/www.vialusitana.org\\\/en\\\/elias-valina-a-well-deserved-tribute\\\/\"]}]},{\"@type\":\"ImageObject\",\"inLanguage\":\"en-US\",\"@id\":\"https:\\\/\\\/www.vialusitana.org\\\/en\\\/elias-valina-a-well-deserved-tribute\\\/#primaryimage\",\"url\":\"https:\\\/\\\/www.vialusitana.org\\\/wp-content\\\/uploads\\\/2024\\\/11\\\/ev.jpg\",\"contentUrl\":\"https:\\\/\\\/www.vialusitana.org\\\/wp-content\\\/uploads\\\/2024\\\/11\\\/ev.jpg\",\"width\":1960,\"height\":1103},{\"@type\":\"BreadcrumbList\",\"@id\":\"https:\\\/\\\/www.vialusitana.org\\\/en\\\/elias-valina-a-well-deserved-tribute\\\/#breadcrumb\",\"itemListElement\":[{\"@type\":\"ListItem\",\"position\":1,\"name\":\"Home\",\"item\":\"https:\\\/\\\/www.vialusitana.org\\\/en\\\/\"},{\"@type\":\"ListItem\",\"position\":2,\"name\":\"El\u00edas Vali\u00f1a: a well-deserved tribute\"}]},{\"@type\":\"WebSite\",\"@id\":\"https:\\\/\\\/www.vialusitana.org\\\/en\\\/#website\",\"url\":\"https:\\\/\\\/www.vialusitana.org\\\/en\\\/\",\"name\":\"Via Lusitana\",\"description\":\"\",\"publisher\":{\"@id\":\"https:\\\/\\\/www.vialusitana.org\\\/en\\\/#organization\"},\"potentialAction\":[{\"@type\":\"SearchAction\",\"target\":{\"@type\":\"EntryPoint\",\"urlTemplate\":\"https:\\\/\\\/www.vialusitana.org\\\/en\\\/?s={search_term_string}\"},\"query-input\":{\"@type\":\"PropertyValueSpecification\",\"valueRequired\":true,\"valueName\":\"search_term_string\"}}],\"inLanguage\":\"en-US\"},{\"@type\":\"Organization\",\"@id\":\"https:\\\/\\\/www.vialusitana.org\\\/en\\\/#organization\",\"name\":\"Via Lusitana\",\"url\":\"https:\\\/\\\/www.vialusitana.org\\\/en\\\/\",\"logo\":{\"@type\":\"ImageObject\",\"inLanguage\":\"en-US\",\"@id\":\"https:\\\/\\\/www.vialusitana.org\\\/en\\\/#\\\/schema\\\/logo\\\/image\\\/\",\"url\":\"https:\\\/\\\/www.vialusitana.org\\\/wp-content\\\/uploads\\\/2024\\\/08\\\/apple-touch-icon.png\",\"contentUrl\":\"https:\\\/\\\/www.vialusitana.org\\\/wp-content\\\/uploads\\\/2024\\\/08\\\/apple-touch-icon.png\",\"width\":180,\"height\":180,\"caption\":\"Via Lusitana\"},\"image\":{\"@id\":\"https:\\\/\\\/www.vialusitana.org\\\/en\\\/#\\\/schema\\\/logo\\\/image\\\/\"},\"sameAs\":[\"https:\\\/\\\/www.facebook.com\\\/ViaLusitana\",\"https:\\\/\\\/www.instagram.com\\\/via_lusitana\\\/\"]},{\"@type\":\"Person\",\"@id\":\"https:\\\/\\\/www.vialusitana.org\\\/en\\\/#\\\/schema\\\/person\\\/974b0f5fc0d1f06d5bbaab9a6c2d4b7d\",\"name\":\"info@vialusitana.org\"}]}<\/script>\n<!-- \/ Yoast SEO plugin. -->","yoast_head_json":{"title":"El\u00edas Vali\u00f1a: a well-deserved tribute - Via Lusitana","robots":{"index":"index","follow":"follow","max-snippet":"max-snippet:-1","max-image-preview":"max-image-preview:large","max-video-preview":"max-video-preview:-1"},"canonical":"https:\/\/www.vialusitana.org\/en\/elias-valina-a-well-deserved-tribute\/","og_locale":"en_US","og_type":"article","og_title":"El\u00edas Vali\u00f1a: a well-deserved tribute - Via Lusitana","og_description":"The Oficina de Acogida al Peregrino in Santiago de Compostela will pay tribute to El\u00edas Vali\u00f1a, marking the 35th anniversary of his passing. The event will take place on December 11 at 11:00 AM at R\u00faa das Carretas, 33. This tribute celebrates the life and legacy of one of the greatest advocates of the Camino [&hellip;]","og_url":"https:\/\/www.vialusitana.org\/en\/elias-valina-a-well-deserved-tribute\/","og_site_name":"Via Lusitana","article_publisher":"https:\/\/www.facebook.com\/ViaLusitana","article_published_time":"2024-11-18T13:01:31+00:00","article_modified_time":"2024-12-09T21:01:54+00:00","og_image":[{"width":1960,"height":1103,"url":"https:\/\/www.vialusitana.org\/wp-content\/uploads\/2024\/11\/ev.jpg","type":"image\/jpeg"}],"author":"info@vialusitana.org","twitter_card":"summary_large_image","twitter_misc":{"Written by":"info@vialusitana.org","Est. reading time":"2 minutes"},"schema":{"@context":"https:\/\/schema.org","@graph":[{"@type":"Article","@id":"https:\/\/www.vialusitana.org\/en\/elias-valina-a-well-deserved-tribute\/#article","isPartOf":{"@id":"https:\/\/www.vialusitana.org\/en\/elias-valina-a-well-deserved-tribute\/"},"author":{"name":"info@vialusitana.org","@id":"https:\/\/www.vialusitana.org\/en\/#\/schema\/person\/974b0f5fc0d1f06d5bbaab9a6c2d4b7d"},"headline":"El\u00edas Vali\u00f1a: a well-deserved tribute","datePublished":"2024-11-18T13:01:31+00:00","dateModified":"2024-12-09T21:01:54+00:00","mainEntityOfPage":{"@id":"https:\/\/www.vialusitana.org\/en\/elias-valina-a-well-deserved-tribute\/"},"wordCount":317,"publisher":{"@id":"https:\/\/www.vialusitana.org\/en\/#organization"},"image":{"@id":"https:\/\/www.vialusitana.org\/en\/elias-valina-a-well-deserved-tribute\/#primaryimage"},"thumbnailUrl":"https:\/\/www.vialusitana.org\/wp-content\/uploads\/2024\/11\/ev.jpg","inLanguage":"en-US"},{"@type":"WebPage","@id":"https:\/\/www.vialusitana.org\/en\/elias-valina-a-well-deserved-tribute\/","url":"https:\/\/www.vialusitana.org\/en\/elias-valina-a-well-deserved-tribute\/","name":"El\u00edas Vali\u00f1a: a well-deserved tribute - Via Lusitana","isPartOf":{"@id":"https:\/\/www.vialusitana.org\/en\/#website"},"primaryImageOfPage":{"@id":"https:\/\/www.vialusitana.org\/en\/elias-valina-a-well-deserved-tribute\/#primaryimage"},"image":{"@id":"https:\/\/www.vialusitana.org\/en\/elias-valina-a-well-deserved-tribute\/#primaryimage"},"thumbnailUrl":"https:\/\/www.vialusitana.org\/wp-content\/uploads\/2024\/11\/ev.jpg","datePublished":"2024-11-18T13:01:31+00:00","dateModified":"2024-12-09T21:01:54+00:00","breadcrumb":{"@id":"https:\/\/www.vialusitana.org\/en\/elias-valina-a-well-deserved-tribute\/#breadcrumb"},"inLanguage":"en-US","potentialAction":[{"@type":"ReadAction","target":["https:\/\/www.vialusitana.org\/en\/elias-valina-a-well-deserved-tribute\/"]}]},{"@type":"ImageObject","inLanguage":"en-US","@id":"https:\/\/www.vialusitana.org\/en\/elias-valina-a-well-deserved-tribute\/#primaryimage","url":"https:\/\/www.vialusitana.org\/wp-content\/uploads\/2024\/11\/ev.jpg","contentUrl":"https:\/\/www.vialusitana.org\/wp-content\/uploads\/2024\/11\/ev.jpg","width":1960,"height":1103},{"@type":"BreadcrumbList","@id":"https:\/\/www.vialusitana.org\/en\/elias-valina-a-well-deserved-tribute\/#breadcrumb","itemListElement":[{"@type":"ListItem","position":1,"name":"Home","item":"https:\/\/www.vialusitana.org\/en\/"},{"@type":"ListItem","position":2,"name":"El\u00edas Vali\u00f1a: a well-deserved tribute"}]},{"@type":"WebSite","@id":"https:\/\/www.vialusitana.org\/en\/#website","url":"https:\/\/www.vialusitana.org\/en\/","name":"Via Lusitana","description":"","publisher":{"@id":"https:\/\/www.vialusitana.org\/en\/#organization"},"potentialAction":[{"@type":"SearchAction","target":{"@type":"EntryPoint","urlTemplate":"https:\/\/www.vialusitana.org\/en\/?s={search_term_string}"},"query-input":{"@type":"PropertyValueSpecification","valueRequired":true,"valueName":"search_term_string"}}],"inLanguage":"en-US"},{"@type":"Organization","@id":"https:\/\/www.vialusitana.org\/en\/#organization","name":"Via Lusitana","url":"https:\/\/www.vialusitana.org\/en\/","logo":{"@type":"ImageObject","inLanguage":"en-US","@id":"https:\/\/www.vialusitana.org\/en\/#\/schema\/logo\/image\/","url":"https:\/\/www.vialusitana.org\/wp-content\/uploads\/2024\/08\/apple-touch-icon.png","contentUrl":"https:\/\/www.vialusitana.org\/wp-content\/uploads\/2024\/08\/apple-touch-icon.png","width":180,"height":180,"caption":"Via Lusitana"},"image":{"@id":"https:\/\/www.vialusitana.org\/en\/#\/schema\/logo\/image\/"},"sameAs":["https:\/\/www.facebook.com\/ViaLusitana","https:\/\/www.instagram.com\/via_lusitana\/"]},{"@type":"Person","@id":"https:\/\/www.vialusitana.org\/en\/#\/schema\/person\/974b0f5fc0d1f06d5bbaab9a6c2d4b7d","name":"info@vialusitana.org"}]}},"_links":{"self":[{"href":"https:\/\/www.vialusitana.org\/en\/wp-json\/wp\/v2\/posts\/3947","targetHints":{"allow":["GET"]}}],"collection":[{"href":"https:\/\/www.vialusitana.org\/en\/wp-json\/wp\/v2\/posts"}],"about":[{"href":"https:\/\/www.vialusitana.org\/en\/wp-json\/wp\/v2\/types\/post"}],"author":[{"embeddable":true,"href":"https:\/\/www.vialusitana.org\/en\/wp-json\/wp\/v2\/users\/3"}],"replies":[{"embeddable":true,"href":"https:\/\/www.vialusitana.org\/en\/wp-json\/wp\/v2\/comments?post=3947"}],"version-history":[{"count":4,"href":"https:\/\/www.vialusitana.org\/en\/wp-json\/wp\/v2\/posts\/3947\/revisions"}],"predecessor-version":[{"id":4251,"href":"https:\/\/www.vialusitana.org\/en\/wp-json\/wp\/v2\/posts\/3947\/revisions\/4251"}],"wp:featuredmedia":[{"embeddable":true,"href":"https:\/\/www.vialusitana.org\/en\/wp-json\/wp\/v2\/media\/3745"}],"wp:attachment":[{"href":"https:\/\/www.vialusitana.org\/en\/wp-json\/wp\/v2\/media?parent=3947"}],"wp:term":[{"taxonomy":"category","embeddable":true,"href":"https:\/\/www.vialusitana.org\/en\/wp-json\/wp\/v2\/categories?post=3947"},{"taxonomy":"post_tag","embeddable":true,"href":"https:\/\/www.vialusitana.org\/en\/wp-json\/wp\/v2\/tags?post=3947"}],"curies":[{"name":"wp","href":"https:\/\/api.w.org\/{rel}","templated":true}]}}