{"id":3940,"date":"2024-12-04T12:20:53","date_gmt":"2024-12-04T12:20:53","guid":{"rendered":"https:\/\/www.vialusitana.org\/municipal-hostel-opens-its-doors-in-cucujaes-oliveira-de-azemeis\/"},"modified":"2024-12-15T21:26:15","modified_gmt":"2024-12-15T21:26:15","slug":"municipal-albergue-opens-in-cucujaes-oliveira-de-azemeis","status":"publish","type":"post","link":"https:\/\/www.vialusitana.org\/en\/municipal-albergue-opens-in-cucujaes-oliveira-de-azemeis\/","title":{"rendered":"Municipal Albergue opens in Cucuj\u00e3es, Oliveira de Azem\u00e9is"},"content":{"rendered":"<p><strong>On December 2, 2024, the <em>Albergue Municipal de Peregrinos do Apeadeiro<\/em> (Pilgrim&#8217;s Municipal Halt Albergue) was inaugurated. Located at the former <em>Couto de Cucuj\u00e3es<\/em> Train Station, on the <em>Vouga<\/em> line<\/strong>, this newly restored facility offers comfort and convenience to pilgrims traveling along the <em>Caminos de Santiago<\/em> and the route to <em>F\u00e1tima<\/em> as they pass through the parish of <em>Cucuj\u00e3es<\/em>, in the <strong>municipality of <em>Oliveira de Azem\u00e9is<\/em><\/strong>.<\/p>\n<p>With a <strong>capacity for 12 people across two floors<\/strong>, the <em>albergue<\/em> features amenities that allow pilgrims to rest and recover after the challenges of the journey. The facility will be managed by the <em>Cucuj\u00e3es<\/em> Delegation of the Portuguese Red Cross (CVP), with access granted electronically via a code provided by the organization.<\/p>\n<p>The inauguration ceremony was held on-site, with the presence of Joaquim Jorge Ferreira, Mayor of <em>Oliveira de Azem\u00e9is<\/em>, alongside other dignitaries, including the President of the <em>Cucuj\u00e3es<\/em> Parish Council, the local parish priest, a representative of Infrastructures of Portugal (<em>IP Patrim\u00f3nio<\/em>), the President of the <em>Cucuj\u00e3es<\/em> Delegation of the CVP, and the President of the <em>Espa\u00e7o Jacobeus<\/em> Association. Joaquim Jorge Ferreira emphasized the significance of rehabilitating this space, once described as &#8220;a severely degraded train station&#8221;, into a facility that preserves the local community\u2019s identity and collective memory.<\/p>\n<p>The project required an investment of approximately 200,000 euros, co-financed with 139,055.47 euros by ADRITEM under the Leader|PDR 2020 program. The transformation, which took nearly four years to complete, was made possible through a partnership between the <em>Oliveira de Azem\u00e9is<\/em> City Council and Infrastructures of Portugal (<em>IP Patrim\u00f3nio<\/em>), which granted the building to the municipality under a renewable 15-year concession. <strong>This new <em>albergue<\/em> addresses a longstanding issue of insufficient accommodations for pilgrims between <em>Albergaria-a-Velha<\/em> and <em>Grij\u00f3<\/em>, now allowing the route to be split into two more manageable stages of approximately 24.5 km and 25.5 km.<\/strong><\/p>\n<p>The <em>Albergue do Apeadeiro<\/em> is located along the Portuguese Central Route, a path where the number of pilgrims has been growing significantly. This section, certified by the government for its historical and cultural importance, spans 177.8 km across 13 municipalities, including 16 km within the municipality of <em>Oliveira de Azem\u00e9is<\/em>, from <em>Pinheiro da Bemposta<\/em> to <em>Cucuj\u00e3es<\/em>.<\/p>\n<p><strong>Location and contacts:<br \/>\n<\/strong>\u2022 Adress: Travessa da Esta\u00e7\u00e3o do Caminho de Ferro, 3720-914 Cucuj\u00e3es, Oliveira de Azem\u00e9is (<a href=\"https:\/\/www.google.pt\/maps\/place\/Couto+de+Cucuj%C3%A3es,+Oliveira+de+Azem%C3%A9is\/@40.8675606,-8.4978691,16z\/data=!3m1!4b1!4m6!3m5!1s0xd23820d2b33be7b:0x507fa893eaf7ee80!8m2!3d40.8675613!4d-8.4927085!16s%2Fg%2F119txrx64?entry=ttu&amp;g_ep=EgoyMDI0MTIwMS4xIKXMDSoASAFQAw%3D%3D\" target=\"_blank\" rel=\"noopener\">see map<\/a>)<br \/>\n\u2022 Website: <a href=\"http:\/\/www.alberguedoapeadeiro.pt\" target=\"_blank\" rel=\"noopener\">www.alberguedoapeadeiro.pt<\/a><br \/>\n\u2022 Email: <a href=\"mailto:alberguedoapeadeiro@gmail.com\" rel=\"noopener\">alberguedoapeadeiro@gmail.com<br \/>\n<\/a>\u2022 Social media: <a href=\"https:\/\/www.facebook.com\/profile.php?id=61561504887341\" target=\"_blank\" rel=\"noopener\">Facebook<\/a> and <a href=\"https:\/\/www.instagram.com\/alberguedoapeadeiro\/\" target=\"_blank\" rel=\"noopener\">Instagram<\/a><\/p>\n","protected":false},"excerpt":{"rendered":"<p>On December 2, 2024, the Albergue Municipal de Peregrinos do Apeadeiro (Pilgrim&#8217;s Municipal Halt Albergue) was inaugurated. Located at the former Couto de Cucuj\u00e3es Train Station, on the Vouga line, this newly restored facility offers comfort and convenience to pilgrims traveling along the Caminos de Santiago and the route to F\u00e1tima as they pass through [&hellip;]<\/p>\n","protected":false},"author":3,"featured_media":3758,"comment_status":"closed","ping_status":"closed","sticky":false,"template":"","format":"standard","meta":{"_acf_changed":false,"footnotes":""},"categories":[4],"tags":[],"class_list":["post-3940","post","type-post","status-publish","format-standard","has-post-thumbnail","hentry","category-uncategorized"],"acf":{"image_1":3762,"image_2":3755,"image_3":3756,"image_4":3757,"image_5":""},"yoast_head":"<!-- This site is optimized with the Yoast SEO plugin v27.4 - https:\/\/yoast.com\/product\/yoast-seo-wordpress\/ -->\n<title>Municipal Albergue opens in Cucuj\u00e3es, Oliveira de Azem\u00e9is - Via Lusitana<\/title>\n<meta name=\"robots\" content=\"index, follow, max-snippet:-1, max-image-preview:large, max-video-preview:-1\" \/>\n<link rel=\"canonical\" href=\"https:\/\/www.vialusitana.org\/en\/municipal-albergue-opens-in-cucujaes-oliveira-de-azemeis\/\" \/>\n<meta property=\"og:locale\" content=\"en_US\" \/>\n<meta property=\"og:type\" content=\"article\" \/>\n<meta property=\"og:title\" content=\"Municipal Albergue opens in Cucuj\u00e3es, Oliveira de Azem\u00e9is - Via Lusitana\" \/>\n<meta property=\"og:description\" content=\"On December 2, 2024, the Albergue Municipal de Peregrinos do Apeadeiro (Pilgrim&#8217;s Municipal Halt Albergue) was inaugurated. Located at the former Couto de Cucuj\u00e3es Train Station, on the Vouga line, this newly restored facility offers comfort and convenience to pilgrims traveling along the Caminos de Santiago and the route to F\u00e1tima as they pass through [&hellip;]\" \/>\n<meta property=\"og:url\" content=\"https:\/\/www.vialusitana.org\/en\/municipal-albergue-opens-in-cucujaes-oliveira-de-azemeis\/\" \/>\n<meta property=\"og:site_name\" content=\"Via Lusitana\" \/>\n<meta property=\"article:publisher\" content=\"https:\/\/www.facebook.com\/ViaLusitana\" \/>\n<meta property=\"article:published_time\" content=\"2024-12-04T12:20:53+00:00\" \/>\n<meta property=\"article:modified_time\" content=\"2024-12-15T21:26:15+00:00\" \/>\n<meta property=\"og:image\" content=\"https:\/\/www.vialusitana.org\/wp-content\/uploads\/2024\/12\/apead2-e1733302237577.jpg\" \/>\n\t<meta property=\"og:image:width\" content=\"650\" \/>\n\t<meta property=\"og:image:height\" content=\"433\" \/>\n\t<meta property=\"og:image:type\" content=\"image\/jpeg\" \/>\n<meta name=\"author\" content=\"info@vialusitana.org\" \/>\n<meta name=\"twitter:card\" content=\"summary_large_image\" \/>\n<meta name=\"twitter:label1\" content=\"Written by\" \/>\n\t<meta name=\"twitter:data1\" content=\"info@vialusitana.org\" \/>\n\t<meta name=\"twitter:label2\" content=\"Est. reading time\" \/>\n\t<meta name=\"twitter:data2\" content=\"2 minutes\" \/>\n<script type=\"application\/ld+json\" class=\"yoast-schema-graph\">{\"@context\":\"https:\\\/\\\/schema.org\",\"@graph\":[{\"@type\":\"Article\",\"@id\":\"https:\\\/\\\/www.vialusitana.org\\\/en\\\/municipal-albergue-opens-in-cucujaes-oliveira-de-azemeis\\\/#article\",\"isPartOf\":{\"@id\":\"https:\\\/\\\/www.vialusitana.org\\\/en\\\/municipal-albergue-opens-in-cucujaes-oliveira-de-azemeis\\\/\"},\"author\":{\"name\":\"info@vialusitana.org\",\"@id\":\"https:\\\/\\\/www.vialusitana.org\\\/en\\\/#\\\/schema\\\/person\\\/974b0f5fc0d1f06d5bbaab9a6c2d4b7d\"},\"headline\":\"Municipal Albergue opens in Cucuj\u00e3es, Oliveira de Azem\u00e9is\",\"datePublished\":\"2024-12-04T12:20:53+00:00\",\"dateModified\":\"2024-12-15T21:26:15+00:00\",\"mainEntityOfPage\":{\"@id\":\"https:\\\/\\\/www.vialusitana.org\\\/en\\\/municipal-albergue-opens-in-cucujaes-oliveira-de-azemeis\\\/\"},\"wordCount\":407,\"publisher\":{\"@id\":\"https:\\\/\\\/www.vialusitana.org\\\/en\\\/#organization\"},\"image\":{\"@id\":\"https:\\\/\\\/www.vialusitana.org\\\/en\\\/municipal-albergue-opens-in-cucujaes-oliveira-de-azemeis\\\/#primaryimage\"},\"thumbnailUrl\":\"https:\\\/\\\/www.vialusitana.org\\\/wp-content\\\/uploads\\\/2024\\\/12\\\/apead2-e1733302237577.jpg\",\"inLanguage\":\"en-US\"},{\"@type\":\"WebPage\",\"@id\":\"https:\\\/\\\/www.vialusitana.org\\\/en\\\/municipal-albergue-opens-in-cucujaes-oliveira-de-azemeis\\\/\",\"url\":\"https:\\\/\\\/www.vialusitana.org\\\/en\\\/municipal-albergue-opens-in-cucujaes-oliveira-de-azemeis\\\/\",\"name\":\"Municipal Albergue opens in Cucuj\u00e3es, Oliveira de Azem\u00e9is - Via Lusitana\",\"isPartOf\":{\"@id\":\"https:\\\/\\\/www.vialusitana.org\\\/en\\\/#website\"},\"primaryImageOfPage\":{\"@id\":\"https:\\\/\\\/www.vialusitana.org\\\/en\\\/municipal-albergue-opens-in-cucujaes-oliveira-de-azemeis\\\/#primaryimage\"},\"image\":{\"@id\":\"https:\\\/\\\/www.vialusitana.org\\\/en\\\/municipal-albergue-opens-in-cucujaes-oliveira-de-azemeis\\\/#primaryimage\"},\"thumbnailUrl\":\"https:\\\/\\\/www.vialusitana.org\\\/wp-content\\\/uploads\\\/2024\\\/12\\\/apead2-e1733302237577.jpg\",\"datePublished\":\"2024-12-04T12:20:53+00:00\",\"dateModified\":\"2024-12-15T21:26:15+00:00\",\"breadcrumb\":{\"@id\":\"https:\\\/\\\/www.vialusitana.org\\\/en\\\/municipal-albergue-opens-in-cucujaes-oliveira-de-azemeis\\\/#breadcrumb\"},\"inLanguage\":\"en-US\",\"potentialAction\":[{\"@type\":\"ReadAction\",\"target\":[\"https:\\\/\\\/www.vialusitana.org\\\/en\\\/municipal-albergue-opens-in-cucujaes-oliveira-de-azemeis\\\/\"]}]},{\"@type\":\"ImageObject\",\"inLanguage\":\"en-US\",\"@id\":\"https:\\\/\\\/www.vialusitana.org\\\/en\\\/municipal-albergue-opens-in-cucujaes-oliveira-de-azemeis\\\/#primaryimage\",\"url\":\"https:\\\/\\\/www.vialusitana.org\\\/wp-content\\\/uploads\\\/2024\\\/12\\\/apead2-e1733302237577.jpg\",\"contentUrl\":\"https:\\\/\\\/www.vialusitana.org\\\/wp-content\\\/uploads\\\/2024\\\/12\\\/apead2-e1733302237577.jpg\",\"width\":650,\"height\":433},{\"@type\":\"BreadcrumbList\",\"@id\":\"https:\\\/\\\/www.vialusitana.org\\\/en\\\/municipal-albergue-opens-in-cucujaes-oliveira-de-azemeis\\\/#breadcrumb\",\"itemListElement\":[{\"@type\":\"ListItem\",\"position\":1,\"name\":\"Home\",\"item\":\"https:\\\/\\\/www.vialusitana.org\\\/en\\\/\"},{\"@type\":\"ListItem\",\"position\":2,\"name\":\"Municipal Albergue opens in Cucuj\u00e3es, Oliveira de Azem\u00e9is\"}]},{\"@type\":\"WebSite\",\"@id\":\"https:\\\/\\\/www.vialusitana.org\\\/en\\\/#website\",\"url\":\"https:\\\/\\\/www.vialusitana.org\\\/en\\\/\",\"name\":\"Via Lusitana\",\"description\":\"\",\"publisher\":{\"@id\":\"https:\\\/\\\/www.vialusitana.org\\\/en\\\/#organization\"},\"potentialAction\":[{\"@type\":\"SearchAction\",\"target\":{\"@type\":\"EntryPoint\",\"urlTemplate\":\"https:\\\/\\\/www.vialusitana.org\\\/en\\\/?s={search_term_string}\"},\"query-input\":{\"@type\":\"PropertyValueSpecification\",\"valueRequired\":true,\"valueName\":\"search_term_string\"}}],\"inLanguage\":\"en-US\"},{\"@type\":\"Organization\",\"@id\":\"https:\\\/\\\/www.vialusitana.org\\\/en\\\/#organization\",\"name\":\"Via Lusitana\",\"url\":\"https:\\\/\\\/www.vialusitana.org\\\/en\\\/\",\"logo\":{\"@type\":\"ImageObject\",\"inLanguage\":\"en-US\",\"@id\":\"https:\\\/\\\/www.vialusitana.org\\\/en\\\/#\\\/schema\\\/logo\\\/image\\\/\",\"url\":\"https:\\\/\\\/www.vialusitana.org\\\/wp-content\\\/uploads\\\/2024\\\/08\\\/apple-touch-icon.png\",\"contentUrl\":\"https:\\\/\\\/www.vialusitana.org\\\/wp-content\\\/uploads\\\/2024\\\/08\\\/apple-touch-icon.png\",\"width\":180,\"height\":180,\"caption\":\"Via Lusitana\"},\"image\":{\"@id\":\"https:\\\/\\\/www.vialusitana.org\\\/en\\\/#\\\/schema\\\/logo\\\/image\\\/\"},\"sameAs\":[\"https:\\\/\\\/www.facebook.com\\\/ViaLusitana\",\"https:\\\/\\\/www.instagram.com\\\/via_lusitana\\\/\"]},{\"@type\":\"Person\",\"@id\":\"https:\\\/\\\/www.vialusitana.org\\\/en\\\/#\\\/schema\\\/person\\\/974b0f5fc0d1f06d5bbaab9a6c2d4b7d\",\"name\":\"info@vialusitana.org\"}]}<\/script>\n<!-- \/ Yoast SEO plugin. -->","yoast_head_json":{"title":"Municipal Albergue opens in Cucuj\u00e3es, Oliveira de Azem\u00e9is - Via Lusitana","robots":{"index":"index","follow":"follow","max-snippet":"max-snippet:-1","max-image-preview":"max-image-preview:large","max-video-preview":"max-video-preview:-1"},"canonical":"https:\/\/www.vialusitana.org\/en\/municipal-albergue-opens-in-cucujaes-oliveira-de-azemeis\/","og_locale":"en_US","og_type":"article","og_title":"Municipal Albergue opens in Cucuj\u00e3es, Oliveira de Azem\u00e9is - Via Lusitana","og_description":"On December 2, 2024, the Albergue Municipal de Peregrinos do Apeadeiro (Pilgrim&#8217;s Municipal Halt Albergue) was inaugurated. Located at the former Couto de Cucuj\u00e3es Train Station, on the Vouga line, this newly restored facility offers comfort and convenience to pilgrims traveling along the Caminos de Santiago and the route to F\u00e1tima as they pass through [&hellip;]","og_url":"https:\/\/www.vialusitana.org\/en\/municipal-albergue-opens-in-cucujaes-oliveira-de-azemeis\/","og_site_name":"Via Lusitana","article_publisher":"https:\/\/www.facebook.com\/ViaLusitana","article_published_time":"2024-12-04T12:20:53+00:00","article_modified_time":"2024-12-15T21:26:15+00:00","og_image":[{"width":650,"height":433,"url":"https:\/\/www.vialusitana.org\/wp-content\/uploads\/2024\/12\/apead2-e1733302237577.jpg","type":"image\/jpeg"}],"author":"info@vialusitana.org","twitter_card":"summary_large_image","twitter_misc":{"Written by":"info@vialusitana.org","Est. reading time":"2 minutes"},"schema":{"@context":"https:\/\/schema.org","@graph":[{"@type":"Article","@id":"https:\/\/www.vialusitana.org\/en\/municipal-albergue-opens-in-cucujaes-oliveira-de-azemeis\/#article","isPartOf":{"@id":"https:\/\/www.vialusitana.org\/en\/municipal-albergue-opens-in-cucujaes-oliveira-de-azemeis\/"},"author":{"name":"info@vialusitana.org","@id":"https:\/\/www.vialusitana.org\/en\/#\/schema\/person\/974b0f5fc0d1f06d5bbaab9a6c2d4b7d"},"headline":"Municipal Albergue opens in Cucuj\u00e3es, Oliveira de Azem\u00e9is","datePublished":"2024-12-04T12:20:53+00:00","dateModified":"2024-12-15T21:26:15+00:00","mainEntityOfPage":{"@id":"https:\/\/www.vialusitana.org\/en\/municipal-albergue-opens-in-cucujaes-oliveira-de-azemeis\/"},"wordCount":407,"publisher":{"@id":"https:\/\/www.vialusitana.org\/en\/#organization"},"image":{"@id":"https:\/\/www.vialusitana.org\/en\/municipal-albergue-opens-in-cucujaes-oliveira-de-azemeis\/#primaryimage"},"thumbnailUrl":"https:\/\/www.vialusitana.org\/wp-content\/uploads\/2024\/12\/apead2-e1733302237577.jpg","inLanguage":"en-US"},{"@type":"WebPage","@id":"https:\/\/www.vialusitana.org\/en\/municipal-albergue-opens-in-cucujaes-oliveira-de-azemeis\/","url":"https:\/\/www.vialusitana.org\/en\/municipal-albergue-opens-in-cucujaes-oliveira-de-azemeis\/","name":"Municipal Albergue opens in Cucuj\u00e3es, Oliveira de Azem\u00e9is - Via Lusitana","isPartOf":{"@id":"https:\/\/www.vialusitana.org\/en\/#website"},"primaryImageOfPage":{"@id":"https:\/\/www.vialusitana.org\/en\/municipal-albergue-opens-in-cucujaes-oliveira-de-azemeis\/#primaryimage"},"image":{"@id":"https:\/\/www.vialusitana.org\/en\/municipal-albergue-opens-in-cucujaes-oliveira-de-azemeis\/#primaryimage"},"thumbnailUrl":"https:\/\/www.vialusitana.org\/wp-content\/uploads\/2024\/12\/apead2-e1733302237577.jpg","datePublished":"2024-12-04T12:20:53+00:00","dateModified":"2024-12-15T21:26:15+00:00","breadcrumb":{"@id":"https:\/\/www.vialusitana.org\/en\/municipal-albergue-opens-in-cucujaes-oliveira-de-azemeis\/#breadcrumb"},"inLanguage":"en-US","potentialAction":[{"@type":"ReadAction","target":["https:\/\/www.vialusitana.org\/en\/municipal-albergue-opens-in-cucujaes-oliveira-de-azemeis\/"]}]},{"@type":"ImageObject","inLanguage":"en-US","@id":"https:\/\/www.vialusitana.org\/en\/municipal-albergue-opens-in-cucujaes-oliveira-de-azemeis\/#primaryimage","url":"https:\/\/www.vialusitana.org\/wp-content\/uploads\/2024\/12\/apead2-e1733302237577.jpg","contentUrl":"https:\/\/www.vialusitana.org\/wp-content\/uploads\/2024\/12\/apead2-e1733302237577.jpg","width":650,"height":433},{"@type":"BreadcrumbList","@id":"https:\/\/www.vialusitana.org\/en\/municipal-albergue-opens-in-cucujaes-oliveira-de-azemeis\/#breadcrumb","itemListElement":[{"@type":"ListItem","position":1,"name":"Home","item":"https:\/\/www.vialusitana.org\/en\/"},{"@type":"ListItem","position":2,"name":"Municipal Albergue opens in Cucuj\u00e3es, Oliveira de Azem\u00e9is"}]},{"@type":"WebSite","@id":"https:\/\/www.vialusitana.org\/en\/#website","url":"https:\/\/www.vialusitana.org\/en\/","name":"Via Lusitana","description":"","publisher":{"@id":"https:\/\/www.vialusitana.org\/en\/#organization"},"potentialAction":[{"@type":"SearchAction","target":{"@type":"EntryPoint","urlTemplate":"https:\/\/www.vialusitana.org\/en\/?s={search_term_string}"},"query-input":{"@type":"PropertyValueSpecification","valueRequired":true,"valueName":"search_term_string"}}],"inLanguage":"en-US"},{"@type":"Organization","@id":"https:\/\/www.vialusitana.org\/en\/#organization","name":"Via Lusitana","url":"https:\/\/www.vialusitana.org\/en\/","logo":{"@type":"ImageObject","inLanguage":"en-US","@id":"https:\/\/www.vialusitana.org\/en\/#\/schema\/logo\/image\/","url":"https:\/\/www.vialusitana.org\/wp-content\/uploads\/2024\/08\/apple-touch-icon.png","contentUrl":"https:\/\/www.vialusitana.org\/wp-content\/uploads\/2024\/08\/apple-touch-icon.png","width":180,"height":180,"caption":"Via Lusitana"},"image":{"@id":"https:\/\/www.vialusitana.org\/en\/#\/schema\/logo\/image\/"},"sameAs":["https:\/\/www.facebook.com\/ViaLusitana","https:\/\/www.instagram.com\/via_lusitana\/"]},{"@type":"Person","@id":"https:\/\/www.vialusitana.org\/en\/#\/schema\/person\/974b0f5fc0d1f06d5bbaab9a6c2d4b7d","name":"info@vialusitana.org"}]}},"_links":{"self":[{"href":"https:\/\/www.vialusitana.org\/en\/wp-json\/wp\/v2\/posts\/3940","targetHints":{"allow":["GET"]}}],"collection":[{"href":"https:\/\/www.vialusitana.org\/en\/wp-json\/wp\/v2\/posts"}],"about":[{"href":"https:\/\/www.vialusitana.org\/en\/wp-json\/wp\/v2\/types\/post"}],"author":[{"embeddable":true,"href":"https:\/\/www.vialusitana.org\/en\/wp-json\/wp\/v2\/users\/3"}],"replies":[{"embeddable":true,"href":"https:\/\/www.vialusitana.org\/en\/wp-json\/wp\/v2\/comments?post=3940"}],"version-history":[{"count":8,"href":"https:\/\/www.vialusitana.org\/en\/wp-json\/wp\/v2\/posts\/3940\/revisions"}],"predecessor-version":[{"id":4345,"href":"https:\/\/www.vialusitana.org\/en\/wp-json\/wp\/v2\/posts\/3940\/revisions\/4345"}],"wp:featuredmedia":[{"embeddable":true,"href":"https:\/\/www.vialusitana.org\/en\/wp-json\/wp\/v2\/media\/3758"}],"wp:attachment":[{"href":"https:\/\/www.vialusitana.org\/en\/wp-json\/wp\/v2\/media?parent=3940"}],"wp:term":[{"taxonomy":"category","embeddable":true,"href":"https:\/\/www.vialusitana.org\/en\/wp-json\/wp\/v2\/categories?post=3940"},{"taxonomy":"post_tag","embeddable":true,"href":"https:\/\/www.vialusitana.org\/en\/wp-json\/wp\/v2\/tags?post=3940"}],"curies":[{"name":"wp","href":"https:\/\/api.w.org\/{rel}","templated":true}]}}